{"id":11905,"date":"2025-07-03T09:48:46","date_gmt":"2025-07-03T07:48:46","guid":{"rendered":"https:\/\/www.psychologies.be\/com\/?p=11905"},"modified":"2025-12-10T17:23:20","modified_gmt":"2025-12-10T16:23:20","slug":"yoga-et-meditation-une-exceptionnelle-retraite-en-toscane","status":"publish","type":"post","link":"https:\/\/www.psychologies.be\/fr\/yoga-et-meditation-une-exceptionnelle-retraite-en-toscane\/","title":{"rendered":"Yoga et M\u00e9ditation : une exceptionnelle retraite en Toscane"},"content":{"rendered":"","protected":false},"excerpt":{"rendered":"Du jeudi 4 au vendredi 12 juillet 2024, Mich\u00e8le Quintin, psychoth\u00e9rapeute sp\u00e9cialiste des probl\u00e9matiques du stress et fondatrice de la m\u00e9thode de la \u00a0Relaxoth\u00e9rapie\u00ae, organisera dans un lieu idyllique en pleine nature italienne une retraite de Yoga \u00ab\u00a0\u00a0Ressourcement et Apaisement\u00a0\u00bb.","protected":false},"author":22,"featured_media":11937,"comment_status":"open","ping_status":"closed","sticky":false,"template":"","format":"standard","meta":{"_acf_changed":false,"footnotes":""},"categories":[475,12,474],"tags":[],"class_list":["post-11905","post","type-post","status-publish","format-standard","has-post-thumbnail","hentry","category-bien-etre","category-blog","category-sante"],"acf":[],"_yoast_wpseo_metadesc":"Du jeudi 4 au vendredi 12 juillet 2024, la fondatrice de la m\u00e9thode \"Relaxoth\u00e9rapie\u00ae\", organisera une retraite\u00a0\"Ressourcement et Apaisement\".","_yoast_wpseo_title":"Yoga et M\u00e9ditation : une incroyable retraite en Toscane %%page%% %%sep%% %%sitename%%","yoast_head":"<!-- This site is optimized with the Yoast SEO plugin v27.3 - https:\/\/yoast.com\/product\/yoast-seo-wordpress\/ -->\n<title>Yoga et M\u00e9ditation : une incroyable retraite en Toscane | Psychologies Belgique<\/title>\n<meta name=\"description\" content=\"Du jeudi 4 au vendredi 12 juillet 2024, la fondatrice de la m\u00e9thode &quot;Relaxoth\u00e9rapie\u00ae&quot;, organisera une retraite\u00a0&quot;Ressourcement et Apaisement&quot;.\" \/>\n<meta name=\"robots\" content=\"index, follow, max-snippet:-1, max-image-preview:large, max-video-preview:-1\" \/>\n<link rel=\"canonical\" href=\"https:\/\/www.psychologies.be\/fr\/yoga-et-meditation-une-exceptionnelle-retraite-en-toscane\/\" \/>\n<meta property=\"og:locale\" content=\"fr_FR\" \/>\n<meta property=\"og:type\" content=\"article\" \/>\n<meta property=\"og:title\" content=\"Yoga et M\u00e9ditation : une incroyable retraite en Toscane | Psychologies Belgique\" \/>\n<meta property=\"og:description\" content=\"Du jeudi 4 au vendredi 12 juillet 2024, la fondatrice de la m\u00e9thode &quot;Relaxoth\u00e9rapie\u00ae&quot;, organisera une retraite\u00a0&quot;Ressourcement et Apaisement&quot;.\" \/>\n<meta property=\"og:url\" content=\"https:\/\/www.psychologies.be\/fr\/yoga-et-meditation-une-exceptionnelle-retraite-en-toscane\/\" \/>\n<meta property=\"og:site_name\" content=\"Psychologies Belgique\" \/>\n<meta property=\"article:publisher\" content=\"https:\/\/www.facebook.com\/Psychologies\" \/>\n<meta property=\"article:published_time\" content=\"2025-07-03T07:48:46+00:00\" \/>\n<meta property=\"article:modified_time\" content=\"2025-12-10T16:23:20+00:00\" \/>\n<meta property=\"og:image\" content=\"https:\/\/www.psychologies.be\/fr\/wp-content\/uploads\/2012\/02\/psychologie_canva.jpg\" \/>\n\t<meta property=\"og:image:width\" content=\"1000\" \/>\n\t<meta property=\"og:image:height\" content=\"496\" \/>\n\t<meta property=\"og:image:type\" content=\"image\/jpeg\" \/>\n<meta name=\"author\" content=\"Psychologies Partenaire\" \/>\n<meta name=\"twitter:card\" content=\"summary_large_image\" \/>\n<meta name=\"twitter:label1\" content=\"\u00c9crit par\" \/>\n\t<meta name=\"twitter:data1\" content=\"Psychologies Partenaire\" \/>\n\t<meta name=\"twitter:label2\" content=\"Dur\u00e9e de lecture estim\u00e9e\" \/>\n\t<meta name=\"twitter:data2\" content=\"3 minutes\" \/>\n<script type=\"application\/ld+json\" class=\"yoast-schema-graph\">{\"@context\":\"https:\\\/\\\/schema.org\",\"@graph\":[{\"@type\":\"Article\",\"@id\":\"https:\\\/\\\/www.psychologies.be\\\/fr\\\/yoga-et-meditation-une-exceptionnelle-retraite-en-toscane\\\/#article\",\"isPartOf\":{\"@id\":\"https:\\\/\\\/www.psychologies.be\\\/fr\\\/yoga-et-meditation-une-exceptionnelle-retraite-en-toscane\\\/\"},\"author\":{\"name\":\"Psychologies Partenaire\",\"@id\":\"https:\\\/\\\/www.psychologies.be\\\/fr\\\/#\\\/schema\\\/person\\\/7cc0a3793393e2224842d4c68b0de814\"},\"headline\":\"Yoga et M\u00e9ditation : une exceptionnelle retraite en Toscane\",\"datePublished\":\"2025-07-03T07:48:46+00:00\",\"dateModified\":\"2025-12-10T16:23:20+00:00\",\"mainEntityOfPage\":{\"@id\":\"https:\\\/\\\/www.psychologies.be\\\/fr\\\/yoga-et-meditation-une-exceptionnelle-retraite-en-toscane\\\/\"},\"wordCount\":583,\"commentCount\":0,\"publisher\":{\"@id\":\"https:\\\/\\\/www.psychologies.be\\\/fr\\\/#organization\"},\"image\":{\"@id\":\"https:\\\/\\\/www.psychologies.be\\\/fr\\\/yoga-et-meditation-une-exceptionnelle-retraite-en-toscane\\\/#primaryimage\"},\"thumbnailUrl\":\"https:\\\/\\\/www.psychologies.be\\\/fr\\\/wp-content\\\/uploads\\\/2012\\\/02\\\/psychologie_canva.jpg\",\"articleSection\":[\"Bien-\u00eatre\",\"On en parle\",\"Sant\u00e9\"],\"inLanguage\":\"fr-FR\",\"potentialAction\":[{\"@type\":\"CommentAction\",\"name\":\"Comment\",\"target\":[\"https:\\\/\\\/www.psychologies.be\\\/fr\\\/yoga-et-meditation-une-exceptionnelle-retraite-en-toscane\\\/#respond\"]}]},{\"@type\":\"WebPage\",\"@id\":\"https:\\\/\\\/www.psychologies.be\\\/fr\\\/yoga-et-meditation-une-exceptionnelle-retraite-en-toscane\\\/\",\"url\":\"https:\\\/\\\/www.psychologies.be\\\/fr\\\/yoga-et-meditation-une-exceptionnelle-retraite-en-toscane\\\/\",\"name\":\"Yoga et M\u00e9ditation : une incroyable retraite en Toscane | Psychologies Belgique\",\"isPartOf\":{\"@id\":\"https:\\\/\\\/www.psychologies.be\\\/fr\\\/#website\"},\"primaryImageOfPage\":{\"@id\":\"https:\\\/\\\/www.psychologies.be\\\/fr\\\/yoga-et-meditation-une-exceptionnelle-retraite-en-toscane\\\/#primaryimage\"},\"image\":{\"@id\":\"https:\\\/\\\/www.psychologies.be\\\/fr\\\/yoga-et-meditation-une-exceptionnelle-retraite-en-toscane\\\/#primaryimage\"},\"thumbnailUrl\":\"https:\\\/\\\/www.psychologies.be\\\/fr\\\/wp-content\\\/uploads\\\/2012\\\/02\\\/psychologie_canva.jpg\",\"datePublished\":\"2025-07-03T07:48:46+00:00\",\"dateModified\":\"2025-12-10T16:23:20+00:00\",\"description\":\"Du jeudi 4 au vendredi 12 juillet 2024, la fondatrice de la m\u00e9thode \\\"Relaxoth\u00e9rapie\u00ae\\\", organisera une retraite\u00a0\\\"Ressourcement et Apaisement\\\".\",\"breadcrumb\":{\"@id\":\"https:\\\/\\\/www.psychologies.be\\\/fr\\\/yoga-et-meditation-une-exceptionnelle-retraite-en-toscane\\\/#breadcrumb\"},\"inLanguage\":\"fr-FR\",\"potentialAction\":[{\"@type\":\"ReadAction\",\"target\":[\"https:\\\/\\\/www.psychologies.be\\\/fr\\\/yoga-et-meditation-une-exceptionnelle-retraite-en-toscane\\\/\"]}]},{\"@type\":\"ImageObject\",\"inLanguage\":\"fr-FR\",\"@id\":\"https:\\\/\\\/www.psychologies.be\\\/fr\\\/yoga-et-meditation-une-exceptionnelle-retraite-en-toscane\\\/#primaryimage\",\"url\":\"https:\\\/\\\/www.psychologies.be\\\/fr\\\/wp-content\\\/uploads\\\/2012\\\/02\\\/psychologie_canva.jpg\",\"contentUrl\":\"https:\\\/\\\/www.psychologies.be\\\/fr\\\/wp-content\\\/uploads\\\/2012\\\/02\\\/psychologie_canva.jpg\",\"width\":1000,\"height\":496,\"caption\":\"Femme pratiquant du yoga\"},{\"@type\":\"BreadcrumbList\",\"@id\":\"https:\\\/\\\/www.psychologies.be\\\/fr\\\/yoga-et-meditation-une-exceptionnelle-retraite-en-toscane\\\/#breadcrumb\",\"itemListElement\":[{\"@type\":\"ListItem\",\"position\":1,\"name\":\"Home\",\"item\":\"https:\\\/\\\/www.psychologies.be\\\/fr\\\/\"},{\"@type\":\"ListItem\",\"position\":2,\"name\":\"On en parle\",\"item\":\"https:\\\/\\\/www.psychologies.be\\\/fr\\\/blog\\\/\"},{\"@type\":\"ListItem\",\"position\":3,\"name\":\"Yoga et M\u00e9ditation : une exceptionnelle retraite en Toscane\"}]},{\"@type\":\"WebSite\",\"@id\":\"https:\\\/\\\/www.psychologies.be\\\/fr\\\/#website\",\"url\":\"https:\\\/\\\/www.psychologies.be\\\/fr\\\/\",\"name\":\"Psychologies Belgique\",\"description\":\"Psychologie, mieux se conna\u00eetre pour mieux vivre sa vie\",\"publisher\":{\"@id\":\"https:\\\/\\\/www.psychologies.be\\\/fr\\\/#organization\"},\"potentialAction\":[{\"@type\":\"SearchAction\",\"target\":{\"@type\":\"EntryPoint\",\"urlTemplate\":\"https:\\\/\\\/www.psychologies.be\\\/fr\\\/?s={search_term_string}\"},\"query-input\":{\"@type\":\"PropertyValueSpecification\",\"valueRequired\":true,\"valueName\":\"search_term_string\"}}],\"inLanguage\":\"fr-FR\"},{\"@type\":\"Organization\",\"@id\":\"https:\\\/\\\/www.psychologies.be\\\/fr\\\/#organization\",\"name\":\"Psychologies Belgique\",\"url\":\"https:\\\/\\\/www.psychologies.be\\\/fr\\\/\",\"logo\":{\"@type\":\"ImageObject\",\"inLanguage\":\"fr-FR\",\"@id\":\"https:\\\/\\\/www.psychologies.be\\\/fr\\\/#\\\/schema\\\/logo\\\/image\\\/\",\"url\":\"https:\\\/\\\/www.psychologies.be\\\/fr\\\/wp-content\\\/uploads\\\/2025\\\/03\\\/psychologies-be.png\",\"contentUrl\":\"https:\\\/\\\/www.psychologies.be\\\/fr\\\/wp-content\\\/uploads\\\/2025\\\/03\\\/psychologies-be.png\",\"width\":696,\"height\":696,\"caption\":\"Psychologies Belgique\"},\"image\":{\"@id\":\"https:\\\/\\\/www.psychologies.be\\\/fr\\\/#\\\/schema\\\/logo\\\/image\\\/\"},\"sameAs\":[\"https:\\\/\\\/www.facebook.com\\\/Psychologies\"]},{\"@type\":\"Person\",\"@id\":\"https:\\\/\\\/www.psychologies.be\\\/fr\\\/#\\\/schema\\\/person\\\/7cc0a3793393e2224842d4c68b0de814\",\"name\":\"Psychologies Partenaire\",\"url\":\"https:\\\/\\\/www.psychologies.be\\\/fr\\\/author\\\/commercial\\\/\"}]}<\/script>\n<!-- \/ Yoast SEO plugin. -->","yoast_head_json":{"title":"Yoga et M\u00e9ditation : une incroyable retraite en Toscane | Psychologies Belgique","description":"Du jeudi 4 au vendredi 12 juillet 2024, la fondatrice de la m\u00e9thode \"Relaxoth\u00e9rapie\u00ae\", organisera une retraite\u00a0\"Ressourcement et Apaisement\".","robots":{"index":"index","follow":"follow","max-snippet":"max-snippet:-1","max-image-preview":"max-image-preview:large","max-video-preview":"max-video-preview:-1"},"canonical":"https:\/\/www.psychologies.be\/fr\/yoga-et-meditation-une-exceptionnelle-retraite-en-toscane\/","og_locale":"fr_FR","og_type":"article","og_title":"Yoga et M\u00e9ditation : une incroyable retraite en Toscane | Psychologies Belgique","og_description":"Du jeudi 4 au vendredi 12 juillet 2024, la fondatrice de la m\u00e9thode \"Relaxoth\u00e9rapie\u00ae\", organisera une retraite\u00a0\"Ressourcement et Apaisement\".","og_url":"https:\/\/www.psychologies.be\/fr\/yoga-et-meditation-une-exceptionnelle-retraite-en-toscane\/","og_site_name":"Psychologies Belgique","article_publisher":"https:\/\/www.facebook.com\/Psychologies","article_published_time":"2025-07-03T07:48:46+00:00","article_modified_time":"2025-12-10T16:23:20+00:00","og_image":[{"width":1000,"height":496,"url":"https:\/\/www.psychologies.be\/fr\/wp-content\/uploads\/2012\/02\/psychologie_canva.jpg","type":"image\/jpeg"}],"author":"Psychologies Partenaire","twitter_card":"summary_large_image","twitter_misc":{"\u00c9crit par":"Psychologies Partenaire","Dur\u00e9e de lecture estim\u00e9e":"3 minutes"},"schema":{"@context":"https:\/\/schema.org","@graph":[{"@type":"Article","@id":"https:\/\/www.psychologies.be\/fr\/yoga-et-meditation-une-exceptionnelle-retraite-en-toscane\/#article","isPartOf":{"@id":"https:\/\/www.psychologies.be\/fr\/yoga-et-meditation-une-exceptionnelle-retraite-en-toscane\/"},"author":{"name":"Psychologies Partenaire","@id":"https:\/\/www.psychologies.be\/fr\/#\/schema\/person\/7cc0a3793393e2224842d4c68b0de814"},"headline":"Yoga et M\u00e9ditation : une exceptionnelle retraite en Toscane","datePublished":"2025-07-03T07:48:46+00:00","dateModified":"2025-12-10T16:23:20+00:00","mainEntityOfPage":{"@id":"https:\/\/www.psychologies.be\/fr\/yoga-et-meditation-une-exceptionnelle-retraite-en-toscane\/"},"wordCount":583,"commentCount":0,"publisher":{"@id":"https:\/\/www.psychologies.be\/fr\/#organization"},"image":{"@id":"https:\/\/www.psychologies.be\/fr\/yoga-et-meditation-une-exceptionnelle-retraite-en-toscane\/#primaryimage"},"thumbnailUrl":"https:\/\/www.psychologies.be\/fr\/wp-content\/uploads\/2012\/02\/psychologie_canva.jpg","articleSection":["Bien-\u00eatre","On en parle","Sant\u00e9"],"inLanguage":"fr-FR","potentialAction":[{"@type":"CommentAction","name":"Comment","target":["https:\/\/www.psychologies.be\/fr\/yoga-et-meditation-une-exceptionnelle-retraite-en-toscane\/#respond"]}]},{"@type":"WebPage","@id":"https:\/\/www.psychologies.be\/fr\/yoga-et-meditation-une-exceptionnelle-retraite-en-toscane\/","url":"https:\/\/www.psychologies.be\/fr\/yoga-et-meditation-une-exceptionnelle-retraite-en-toscane\/","name":"Yoga et M\u00e9ditation : une incroyable retraite en Toscane | Psychologies Belgique","isPartOf":{"@id":"https:\/\/www.psychologies.be\/fr\/#website"},"primaryImageOfPage":{"@id":"https:\/\/www.psychologies.be\/fr\/yoga-et-meditation-une-exceptionnelle-retraite-en-toscane\/#primaryimage"},"image":{"@id":"https:\/\/www.psychologies.be\/fr\/yoga-et-meditation-une-exceptionnelle-retraite-en-toscane\/#primaryimage"},"thumbnailUrl":"https:\/\/www.psychologies.be\/fr\/wp-content\/uploads\/2012\/02\/psychologie_canva.jpg","datePublished":"2025-07-03T07:48:46+00:00","dateModified":"2025-12-10T16:23:20+00:00","description":"Du jeudi 4 au vendredi 12 juillet 2024, la fondatrice de la m\u00e9thode \"Relaxoth\u00e9rapie\u00ae\", organisera une retraite\u00a0\"Ressourcement et Apaisement\".","breadcrumb":{"@id":"https:\/\/www.psychologies.be\/fr\/yoga-et-meditation-une-exceptionnelle-retraite-en-toscane\/#breadcrumb"},"inLanguage":"fr-FR","potentialAction":[{"@type":"ReadAction","target":["https:\/\/www.psychologies.be\/fr\/yoga-et-meditation-une-exceptionnelle-retraite-en-toscane\/"]}]},{"@type":"ImageObject","inLanguage":"fr-FR","@id":"https:\/\/www.psychologies.be\/fr\/yoga-et-meditation-une-exceptionnelle-retraite-en-toscane\/#primaryimage","url":"https:\/\/www.psychologies.be\/fr\/wp-content\/uploads\/2012\/02\/psychologie_canva.jpg","contentUrl":"https:\/\/www.psychologies.be\/fr\/wp-content\/uploads\/2012\/02\/psychologie_canva.jpg","width":1000,"height":496,"caption":"Femme pratiquant du yoga"},{"@type":"BreadcrumbList","@id":"https:\/\/www.psychologies.be\/fr\/yoga-et-meditation-une-exceptionnelle-retraite-en-toscane\/#breadcrumb","itemListElement":[{"@type":"ListItem","position":1,"name":"Home","item":"https:\/\/www.psychologies.be\/fr\/"},{"@type":"ListItem","position":2,"name":"On en parle","item":"https:\/\/www.psychologies.be\/fr\/blog\/"},{"@type":"ListItem","position":3,"name":"Yoga et M\u00e9ditation : une exceptionnelle retraite en Toscane"}]},{"@type":"WebSite","@id":"https:\/\/www.psychologies.be\/fr\/#website","url":"https:\/\/www.psychologies.be\/fr\/","name":"Psychologies Belgique","description":"Psychologie, mieux se conna\u00eetre pour mieux vivre sa vie","publisher":{"@id":"https:\/\/www.psychologies.be\/fr\/#organization"},"potentialAction":[{"@type":"SearchAction","target":{"@type":"EntryPoint","urlTemplate":"https:\/\/www.psychologies.be\/fr\/?s={search_term_string}"},"query-input":{"@type":"PropertyValueSpecification","valueRequired":true,"valueName":"search_term_string"}}],"inLanguage":"fr-FR"},{"@type":"Organization","@id":"https:\/\/www.psychologies.be\/fr\/#organization","name":"Psychologies Belgique","url":"https:\/\/www.psychologies.be\/fr\/","logo":{"@type":"ImageObject","inLanguage":"fr-FR","@id":"https:\/\/www.psychologies.be\/fr\/#\/schema\/logo\/image\/","url":"https:\/\/www.psychologies.be\/fr\/wp-content\/uploads\/2025\/03\/psychologies-be.png","contentUrl":"https:\/\/www.psychologies.be\/fr\/wp-content\/uploads\/2025\/03\/psychologies-be.png","width":696,"height":696,"caption":"Psychologies Belgique"},"image":{"@id":"https:\/\/www.psychologies.be\/fr\/#\/schema\/logo\/image\/"},"sameAs":["https:\/\/www.facebook.com\/Psychologies"]},{"@type":"Person","@id":"https:\/\/www.psychologies.be\/fr\/#\/schema\/person\/7cc0a3793393e2224842d4c68b0de814","name":"Psychologies Partenaire","url":"https:\/\/www.psychologies.be\/fr\/author\/commercial\/"}]}},"_links":{"self":[{"href":"https:\/\/www.psychologies.be\/fr\/wp-json\/wp\/v2\/posts\/11905","targetHints":{"allow":["GET"]}}],"collection":[{"href":"https:\/\/www.psychologies.be\/fr\/wp-json\/wp\/v2\/posts"}],"about":[{"href":"https:\/\/www.psychologies.be\/fr\/wp-json\/wp\/v2\/types\/post"}],"author":[{"embeddable":true,"href":"https:\/\/www.psychologies.be\/fr\/wp-json\/wp\/v2\/users\/22"}],"replies":[{"embeddable":true,"href":"https:\/\/www.psychologies.be\/fr\/wp-json\/wp\/v2\/comments?post=11905"}],"version-history":[{"count":1,"href":"https:\/\/www.psychologies.be\/fr\/wp-json\/wp\/v2\/posts\/11905\/revisions"}],"predecessor-version":[{"id":12998,"href":"https:\/\/www.psychologies.be\/fr\/wp-json\/wp\/v2\/posts\/11905\/revisions\/12998"}],"wp:featuredmedia":[{"embeddable":true,"href":"https:\/\/www.psychologies.be\/fr\/wp-json\/wp\/v2\/media\/11937"}],"wp:attachment":[{"href":"https:\/\/www.psychologies.be\/fr\/wp-json\/wp\/v2\/media?parent=11905"}],"wp:term":[{"taxonomy":"category","embeddable":true,"href":"https:\/\/www.psychologies.be\/fr\/wp-json\/wp\/v2\/categories?post=11905"},{"taxonomy":"post_tag","embeddable":true,"href":"https:\/\/www.psychologies.be\/fr\/wp-json\/wp\/v2\/tags?post=11905"}],"curies":[{"name":"wp","href":"https:\/\/api.w.org\/{rel}","templated":true}]}}