{"id":13249,"date":"2025-09-30T14:00:31","date_gmt":"2025-09-30T12:00:31","guid":{"rendered":"https:\/\/www.psychologies.be\/fr\/?p=13249"},"modified":"2025-12-10T17:06:35","modified_gmt":"2025-12-10T16:06:35","slug":"psychedeliques-psychotherapies-et-spiritualite","status":"publish","type":"post","link":"https:\/\/www.psychologies.be\/fr\/psychedeliques-psychotherapies-et-spiritualite\/","title":{"rendered":"Psych\u00e9d\u00e9liques, psychoth\u00e9rapies et spiritualit\u00e9"},"content":{"rendered":"","protected":false},"excerpt":{"rendered":"Une rencontre vivante \u00e0 la crois\u00e9e des savoirs scientifiques, des traditions ancestrales et des pratiques th\u00e9rapeutiques contemporaines. ...","protected":false},"author":22,"featured_media":13250,"comment_status":"open","ping_status":"closed","sticky":false,"template":"","format":"standard","meta":{"_acf_changed":false,"footnotes":""},"categories":[325,12,474],"tags":[],"class_list":["post-13249","post","type-post","status-publish","format-standard","has-post-thumbnail","hentry","category-approche-psycho-corporelle","category-blog","category-sante"],"acf":[],"_yoast_wpseo_metadesc":"Le congr\u00e8s sur les Psych\u00e9d\u00e9liques, psychoth\u00e9rapies et spiritualit\u00e9 se d\u00e9roulera \u00e0 Li\u00e8ge du 24 au 26 octobre.","_yoast_wpseo_title":null,"yoast_head":"<!-- This site is optimized with the Yoast SEO plugin v27.3 - https:\/\/yoast.com\/product\/yoast-seo-wordpress\/ -->\n<title>Psych\u00e9d\u00e9liques, psychoth\u00e9rapies et spiritualit\u00e9 | Psychologies Belgique<\/title>\n<meta name=\"description\" content=\"Le congr\u00e8s sur les Psych\u00e9d\u00e9liques, psychoth\u00e9rapies et spiritualit\u00e9 se d\u00e9roulera \u00e0 Li\u00e8ge du 24 au 26 octobre.\" \/>\n<meta name=\"robots\" content=\"index, follow, max-snippet:-1, max-image-preview:large, max-video-preview:-1\" \/>\n<link rel=\"canonical\" href=\"https:\/\/www.psychologies.be\/fr\/psychedeliques-psychotherapies-et-spiritualite\/\" \/>\n<meta property=\"og:locale\" content=\"fr_FR\" \/>\n<meta property=\"og:type\" content=\"article\" \/>\n<meta property=\"og:title\" content=\"Psych\u00e9d\u00e9liques, psychoth\u00e9rapies et spiritualit\u00e9 | Psychologies Belgique\" \/>\n<meta property=\"og:description\" content=\"Le congr\u00e8s sur les Psych\u00e9d\u00e9liques, psychoth\u00e9rapies et spiritualit\u00e9 se d\u00e9roulera \u00e0 Li\u00e8ge du 24 au 26 octobre.\" \/>\n<meta property=\"og:url\" content=\"https:\/\/www.psychologies.be\/fr\/psychedeliques-psychotherapies-et-spiritualite\/\" \/>\n<meta property=\"og:site_name\" content=\"Psychologies Belgique\" \/>\n<meta property=\"article:publisher\" content=\"https:\/\/www.facebook.com\/Psychologies\" \/>\n<meta property=\"article:published_time\" content=\"2025-09-30T12:00:31+00:00\" \/>\n<meta property=\"article:modified_time\" content=\"2025-12-10T16:06:35+00:00\" \/>\n<meta property=\"og:image\" content=\"https:\/\/www.psychologies.be\/fr\/wp-content\/uploads\/2025\/08\/elle-1200x628-approchestranspersonnelles-970x508.png\" \/>\n\t<meta property=\"og:image:width\" content=\"970\" \/>\n\t<meta property=\"og:image:height\" content=\"508\" \/>\n\t<meta property=\"og:image:type\" content=\"image\/png\" \/>\n<meta name=\"author\" content=\"Psychologies Partenaire\" \/>\n<meta name=\"twitter:card\" content=\"summary_large_image\" \/>\n<meta name=\"twitter:label1\" content=\"\u00c9crit par\" \/>\n\t<meta name=\"twitter:data1\" content=\"Psychologies Partenaire\" \/>\n\t<meta name=\"twitter:label2\" content=\"Dur\u00e9e de lecture estim\u00e9e\" \/>\n\t<meta name=\"twitter:data2\" content=\"3 minutes\" \/>\n<script type=\"application\/ld+json\" class=\"yoast-schema-graph\">{\"@context\":\"https:\\\/\\\/schema.org\",\"@graph\":[{\"@type\":\"Article\",\"@id\":\"https:\\\/\\\/www.psychologies.be\\\/fr\\\/psychedeliques-psychotherapies-et-spiritualite\\\/#article\",\"isPartOf\":{\"@id\":\"https:\\\/\\\/www.psychologies.be\\\/fr\\\/psychedeliques-psychotherapies-et-spiritualite\\\/\"},\"author\":{\"name\":\"Psychologies Partenaire\",\"@id\":\"https:\\\/\\\/www.psychologies.be\\\/fr\\\/#\\\/schema\\\/person\\\/7cc0a3793393e2224842d4c68b0de814\"},\"headline\":\"Psych\u00e9d\u00e9liques, psychoth\u00e9rapies et spiritualit\u00e9\",\"datePublished\":\"2025-09-30T12:00:31+00:00\",\"dateModified\":\"2025-12-10T16:06:35+00:00\",\"mainEntityOfPage\":{\"@id\":\"https:\\\/\\\/www.psychologies.be\\\/fr\\\/psychedeliques-psychotherapies-et-spiritualite\\\/\"},\"wordCount\":592,\"commentCount\":0,\"publisher\":{\"@id\":\"https:\\\/\\\/www.psychologies.be\\\/fr\\\/#organization\"},\"image\":{\"@id\":\"https:\\\/\\\/www.psychologies.be\\\/fr\\\/psychedeliques-psychotherapies-et-spiritualite\\\/#primaryimage\"},\"thumbnailUrl\":\"https:\\\/\\\/www.psychologies.be\\\/fr\\\/wp-content\\\/uploads\\\/2025\\\/08\\\/elle-1200x628-approchestranspersonnelles-970x508.png\",\"articleSection\":[\"Approche psycho corporelle\",\"On en parle\",\"Sant\u00e9\"],\"inLanguage\":\"fr-FR\",\"potentialAction\":[{\"@type\":\"CommentAction\",\"name\":\"Comment\",\"target\":[\"https:\\\/\\\/www.psychologies.be\\\/fr\\\/psychedeliques-psychotherapies-et-spiritualite\\\/#respond\"]}]},{\"@type\":\"WebPage\",\"@id\":\"https:\\\/\\\/www.psychologies.be\\\/fr\\\/psychedeliques-psychotherapies-et-spiritualite\\\/\",\"url\":\"https:\\\/\\\/www.psychologies.be\\\/fr\\\/psychedeliques-psychotherapies-et-spiritualite\\\/\",\"name\":\"Psych\u00e9d\u00e9liques, psychoth\u00e9rapies et spiritualit\u00e9 | Psychologies Belgique\",\"isPartOf\":{\"@id\":\"https:\\\/\\\/www.psychologies.be\\\/fr\\\/#website\"},\"primaryImageOfPage\":{\"@id\":\"https:\\\/\\\/www.psychologies.be\\\/fr\\\/psychedeliques-psychotherapies-et-spiritualite\\\/#primaryimage\"},\"image\":{\"@id\":\"https:\\\/\\\/www.psychologies.be\\\/fr\\\/psychedeliques-psychotherapies-et-spiritualite\\\/#primaryimage\"},\"thumbnailUrl\":\"https:\\\/\\\/www.psychologies.be\\\/fr\\\/wp-content\\\/uploads\\\/2025\\\/08\\\/elle-1200x628-approchestranspersonnelles-970x508.png\",\"datePublished\":\"2025-09-30T12:00:31+00:00\",\"dateModified\":\"2025-12-10T16:06:35+00:00\",\"description\":\"Le congr\u00e8s sur les Psych\u00e9d\u00e9liques, psychoth\u00e9rapies et spiritualit\u00e9 se d\u00e9roulera \u00e0 Li\u00e8ge du 24 au 26 octobre.\",\"breadcrumb\":{\"@id\":\"https:\\\/\\\/www.psychologies.be\\\/fr\\\/psychedeliques-psychotherapies-et-spiritualite\\\/#breadcrumb\"},\"inLanguage\":\"fr-FR\",\"potentialAction\":[{\"@type\":\"ReadAction\",\"target\":[\"https:\\\/\\\/www.psychologies.be\\\/fr\\\/psychedeliques-psychotherapies-et-spiritualite\\\/\"]}]},{\"@type\":\"ImageObject\",\"inLanguage\":\"fr-FR\",\"@id\":\"https:\\\/\\\/www.psychologies.be\\\/fr\\\/psychedeliques-psychotherapies-et-spiritualite\\\/#primaryimage\",\"url\":\"https:\\\/\\\/www.psychologies.be\\\/fr\\\/wp-content\\\/uploads\\\/2025\\\/08\\\/elle-1200x628-approchestranspersonnelles-970x508.png\",\"contentUrl\":\"https:\\\/\\\/www.psychologies.be\\\/fr\\\/wp-content\\\/uploads\\\/2025\\\/08\\\/elle-1200x628-approchestranspersonnelles-970x508.png\",\"width\":970,\"height\":508},{\"@type\":\"BreadcrumbList\",\"@id\":\"https:\\\/\\\/www.psychologies.be\\\/fr\\\/psychedeliques-psychotherapies-et-spiritualite\\\/#breadcrumb\",\"itemListElement\":[{\"@type\":\"ListItem\",\"position\":1,\"name\":\"Home\",\"item\":\"https:\\\/\\\/www.psychologies.be\\\/fr\\\/\"},{\"@type\":\"ListItem\",\"position\":2,\"name\":\"Approche psycho corporelle\",\"item\":\"https:\\\/\\\/www.psychologies.be\\\/fr\\\/approche-psycho-corporelle\\\/\"},{\"@type\":\"ListItem\",\"position\":3,\"name\":\"Psych\u00e9d\u00e9liques, psychoth\u00e9rapies et spiritualit\u00e9\"}]},{\"@type\":\"WebSite\",\"@id\":\"https:\\\/\\\/www.psychologies.be\\\/fr\\\/#website\",\"url\":\"https:\\\/\\\/www.psychologies.be\\\/fr\\\/\",\"name\":\"Psychologies Belgique\",\"description\":\"Psychologie, mieux se conna\u00eetre pour mieux vivre sa vie\",\"publisher\":{\"@id\":\"https:\\\/\\\/www.psychologies.be\\\/fr\\\/#organization\"},\"potentialAction\":[{\"@type\":\"SearchAction\",\"target\":{\"@type\":\"EntryPoint\",\"urlTemplate\":\"https:\\\/\\\/www.psychologies.be\\\/fr\\\/?s={search_term_string}\"},\"query-input\":{\"@type\":\"PropertyValueSpecification\",\"valueRequired\":true,\"valueName\":\"search_term_string\"}}],\"inLanguage\":\"fr-FR\"},{\"@type\":\"Organization\",\"@id\":\"https:\\\/\\\/www.psychologies.be\\\/fr\\\/#organization\",\"name\":\"Psychologies Belgique\",\"url\":\"https:\\\/\\\/www.psychologies.be\\\/fr\\\/\",\"logo\":{\"@type\":\"ImageObject\",\"inLanguage\":\"fr-FR\",\"@id\":\"https:\\\/\\\/www.psychologies.be\\\/fr\\\/#\\\/schema\\\/logo\\\/image\\\/\",\"url\":\"https:\\\/\\\/www.psychologies.be\\\/fr\\\/wp-content\\\/uploads\\\/2025\\\/03\\\/psychologies-be.png\",\"contentUrl\":\"https:\\\/\\\/www.psychologies.be\\\/fr\\\/wp-content\\\/uploads\\\/2025\\\/03\\\/psychologies-be.png\",\"width\":696,\"height\":696,\"caption\":\"Psychologies Belgique\"},\"image\":{\"@id\":\"https:\\\/\\\/www.psychologies.be\\\/fr\\\/#\\\/schema\\\/logo\\\/image\\\/\"},\"sameAs\":[\"https:\\\/\\\/www.facebook.com\\\/Psychologies\"]},{\"@type\":\"Person\",\"@id\":\"https:\\\/\\\/www.psychologies.be\\\/fr\\\/#\\\/schema\\\/person\\\/7cc0a3793393e2224842d4c68b0de814\",\"name\":\"Psychologies Partenaire\",\"url\":\"https:\\\/\\\/www.psychologies.be\\\/fr\\\/author\\\/commercial\\\/\"}]}<\/script>\n<!-- \/ Yoast SEO plugin. -->","yoast_head_json":{"title":"Psych\u00e9d\u00e9liques, psychoth\u00e9rapies et spiritualit\u00e9 | Psychologies Belgique","description":"Le congr\u00e8s sur les Psych\u00e9d\u00e9liques, psychoth\u00e9rapies et spiritualit\u00e9 se d\u00e9roulera \u00e0 Li\u00e8ge du 24 au 26 octobre.","robots":{"index":"index","follow":"follow","max-snippet":"max-snippet:-1","max-image-preview":"max-image-preview:large","max-video-preview":"max-video-preview:-1"},"canonical":"https:\/\/www.psychologies.be\/fr\/psychedeliques-psychotherapies-et-spiritualite\/","og_locale":"fr_FR","og_type":"article","og_title":"Psych\u00e9d\u00e9liques, psychoth\u00e9rapies et spiritualit\u00e9 | Psychologies Belgique","og_description":"Le congr\u00e8s sur les Psych\u00e9d\u00e9liques, psychoth\u00e9rapies et spiritualit\u00e9 se d\u00e9roulera \u00e0 Li\u00e8ge du 24 au 26 octobre.","og_url":"https:\/\/www.psychologies.be\/fr\/psychedeliques-psychotherapies-et-spiritualite\/","og_site_name":"Psychologies Belgique","article_publisher":"https:\/\/www.facebook.com\/Psychologies","article_published_time":"2025-09-30T12:00:31+00:00","article_modified_time":"2025-12-10T16:06:35+00:00","og_image":[{"width":970,"height":508,"url":"https:\/\/www.psychologies.be\/fr\/wp-content\/uploads\/2025\/08\/elle-1200x628-approchestranspersonnelles-970x508.png","type":"image\/png"}],"author":"Psychologies Partenaire","twitter_card":"summary_large_image","twitter_misc":{"\u00c9crit par":"Psychologies Partenaire","Dur\u00e9e de lecture estim\u00e9e":"3 minutes"},"schema":{"@context":"https:\/\/schema.org","@graph":[{"@type":"Article","@id":"https:\/\/www.psychologies.be\/fr\/psychedeliques-psychotherapies-et-spiritualite\/#article","isPartOf":{"@id":"https:\/\/www.psychologies.be\/fr\/psychedeliques-psychotherapies-et-spiritualite\/"},"author":{"name":"Psychologies Partenaire","@id":"https:\/\/www.psychologies.be\/fr\/#\/schema\/person\/7cc0a3793393e2224842d4c68b0de814"},"headline":"Psych\u00e9d\u00e9liques, psychoth\u00e9rapies et spiritualit\u00e9","datePublished":"2025-09-30T12:00:31+00:00","dateModified":"2025-12-10T16:06:35+00:00","mainEntityOfPage":{"@id":"https:\/\/www.psychologies.be\/fr\/psychedeliques-psychotherapies-et-spiritualite\/"},"wordCount":592,"commentCount":0,"publisher":{"@id":"https:\/\/www.psychologies.be\/fr\/#organization"},"image":{"@id":"https:\/\/www.psychologies.be\/fr\/psychedeliques-psychotherapies-et-spiritualite\/#primaryimage"},"thumbnailUrl":"https:\/\/www.psychologies.be\/fr\/wp-content\/uploads\/2025\/08\/elle-1200x628-approchestranspersonnelles-970x508.png","articleSection":["Approche psycho corporelle","On en parle","Sant\u00e9"],"inLanguage":"fr-FR","potentialAction":[{"@type":"CommentAction","name":"Comment","target":["https:\/\/www.psychologies.be\/fr\/psychedeliques-psychotherapies-et-spiritualite\/#respond"]}]},{"@type":"WebPage","@id":"https:\/\/www.psychologies.be\/fr\/psychedeliques-psychotherapies-et-spiritualite\/","url":"https:\/\/www.psychologies.be\/fr\/psychedeliques-psychotherapies-et-spiritualite\/","name":"Psych\u00e9d\u00e9liques, psychoth\u00e9rapies et spiritualit\u00e9 | Psychologies Belgique","isPartOf":{"@id":"https:\/\/www.psychologies.be\/fr\/#website"},"primaryImageOfPage":{"@id":"https:\/\/www.psychologies.be\/fr\/psychedeliques-psychotherapies-et-spiritualite\/#primaryimage"},"image":{"@id":"https:\/\/www.psychologies.be\/fr\/psychedeliques-psychotherapies-et-spiritualite\/#primaryimage"},"thumbnailUrl":"https:\/\/www.psychologies.be\/fr\/wp-content\/uploads\/2025\/08\/elle-1200x628-approchestranspersonnelles-970x508.png","datePublished":"2025-09-30T12:00:31+00:00","dateModified":"2025-12-10T16:06:35+00:00","description":"Le congr\u00e8s sur les Psych\u00e9d\u00e9liques, psychoth\u00e9rapies et spiritualit\u00e9 se d\u00e9roulera \u00e0 Li\u00e8ge du 24 au 26 octobre.","breadcrumb":{"@id":"https:\/\/www.psychologies.be\/fr\/psychedeliques-psychotherapies-et-spiritualite\/#breadcrumb"},"inLanguage":"fr-FR","potentialAction":[{"@type":"ReadAction","target":["https:\/\/www.psychologies.be\/fr\/psychedeliques-psychotherapies-et-spiritualite\/"]}]},{"@type":"ImageObject","inLanguage":"fr-FR","@id":"https:\/\/www.psychologies.be\/fr\/psychedeliques-psychotherapies-et-spiritualite\/#primaryimage","url":"https:\/\/www.psychologies.be\/fr\/wp-content\/uploads\/2025\/08\/elle-1200x628-approchestranspersonnelles-970x508.png","contentUrl":"https:\/\/www.psychologies.be\/fr\/wp-content\/uploads\/2025\/08\/elle-1200x628-approchestranspersonnelles-970x508.png","width":970,"height":508},{"@type":"BreadcrumbList","@id":"https:\/\/www.psychologies.be\/fr\/psychedeliques-psychotherapies-et-spiritualite\/#breadcrumb","itemListElement":[{"@type":"ListItem","position":1,"name":"Home","item":"https:\/\/www.psychologies.be\/fr\/"},{"@type":"ListItem","position":2,"name":"Approche psycho corporelle","item":"https:\/\/www.psychologies.be\/fr\/approche-psycho-corporelle\/"},{"@type":"ListItem","position":3,"name":"Psych\u00e9d\u00e9liques, psychoth\u00e9rapies et spiritualit\u00e9"}]},{"@type":"WebSite","@id":"https:\/\/www.psychologies.be\/fr\/#website","url":"https:\/\/www.psychologies.be\/fr\/","name":"Psychologies Belgique","description":"Psychologie, mieux se conna\u00eetre pour mieux vivre sa vie","publisher":{"@id":"https:\/\/www.psychologies.be\/fr\/#organization"},"potentialAction":[{"@type":"SearchAction","target":{"@type":"EntryPoint","urlTemplate":"https:\/\/www.psychologies.be\/fr\/?s={search_term_string}"},"query-input":{"@type":"PropertyValueSpecification","valueRequired":true,"valueName":"search_term_string"}}],"inLanguage":"fr-FR"},{"@type":"Organization","@id":"https:\/\/www.psychologies.be\/fr\/#organization","name":"Psychologies Belgique","url":"https:\/\/www.psychologies.be\/fr\/","logo":{"@type":"ImageObject","inLanguage":"fr-FR","@id":"https:\/\/www.psychologies.be\/fr\/#\/schema\/logo\/image\/","url":"https:\/\/www.psychologies.be\/fr\/wp-content\/uploads\/2025\/03\/psychologies-be.png","contentUrl":"https:\/\/www.psychologies.be\/fr\/wp-content\/uploads\/2025\/03\/psychologies-be.png","width":696,"height":696,"caption":"Psychologies Belgique"},"image":{"@id":"https:\/\/www.psychologies.be\/fr\/#\/schema\/logo\/image\/"},"sameAs":["https:\/\/www.facebook.com\/Psychologies"]},{"@type":"Person","@id":"https:\/\/www.psychologies.be\/fr\/#\/schema\/person\/7cc0a3793393e2224842d4c68b0de814","name":"Psychologies Partenaire","url":"https:\/\/www.psychologies.be\/fr\/author\/commercial\/"}]}},"_links":{"self":[{"href":"https:\/\/www.psychologies.be\/fr\/wp-json\/wp\/v2\/posts\/13249","targetHints":{"allow":["GET"]}}],"collection":[{"href":"https:\/\/www.psychologies.be\/fr\/wp-json\/wp\/v2\/posts"}],"about":[{"href":"https:\/\/www.psychologies.be\/fr\/wp-json\/wp\/v2\/types\/post"}],"author":[{"embeddable":true,"href":"https:\/\/www.psychologies.be\/fr\/wp-json\/wp\/v2\/users\/22"}],"replies":[{"embeddable":true,"href":"https:\/\/www.psychologies.be\/fr\/wp-json\/wp\/v2\/comments?post=13249"}],"version-history":[{"count":3,"href":"https:\/\/www.psychologies.be\/fr\/wp-json\/wp\/v2\/posts\/13249\/revisions"}],"predecessor-version":[{"id":13290,"href":"https:\/\/www.psychologies.be\/fr\/wp-json\/wp\/v2\/posts\/13249\/revisions\/13290"}],"wp:featuredmedia":[{"embeddable":true,"href":"https:\/\/www.psychologies.be\/fr\/wp-json\/wp\/v2\/media\/13250"}],"wp:attachment":[{"href":"https:\/\/www.psychologies.be\/fr\/wp-json\/wp\/v2\/media?parent=13249"}],"wp:term":[{"taxonomy":"category","embeddable":true,"href":"https:\/\/www.psychologies.be\/fr\/wp-json\/wp\/v2\/categories?post=13249"},{"taxonomy":"post_tag","embeddable":true,"href":"https:\/\/www.psychologies.be\/fr\/wp-json\/wp\/v2\/tags?post=13249"}],"curies":[{"name":"wp","href":"https:\/\/api.w.org\/{rel}","templated":true}]}}