{"id":1899,"date":"2016-06-27T12:03:15","date_gmt":"2016-06-27T10:03:15","guid":{"rendered":"http:\/\/www.psychologies.be\/com\/?p=1899"},"modified":"2025-12-16T16:21:07","modified_gmt":"2025-12-16T15:21:07","slug":"femmes-a-lhonneur-du-27-septembre-au-2-octobre-a-marrakech","status":"publish","type":"post","link":"https:\/\/www.psychologies.be\/fr\/femmes-a-lhonneur-du-27-septembre-au-2-octobre-a-marrakech\/","title":{"rendered":"Femmes \u00e0 l&#8217;honneur! du 27 septembre au 2 octobre \u00e0 Marrakech"},"content":{"rendered":"","protected":false},"excerpt":{"rendered":"Osez vivre la vie dont vous r\u00eavez !\nUne exp\u00e9rience unique, une transformation en profondeur dans un cadre exceptionnel loin de votre quotidien\n\u00a0Vous reconnaissez-vous\u00a0?\n \tJ&#8217;ai l&#8217;impression d\u2019\u00eatre parfois la spectatrice de ma vie\n \tJe suis parfois d\u00e9pass\u00e9e dans la gestion de mes diff\u00e9rents r\u00f4les de femme\u00a0au quotidien\n \tJe cours apr\u00e8s le temps et n\u2019en dispose jamais assez pour moi\n \tJ&#8217;ai des relations insatisfaisantes avec mon entourage et c\u2019est une source de frustration\n \tJe ressens parfois de la confusion dans mon esprit\n \tJ&#8217;ai des r\u00eaves secrets, des projets qui me tiennent \u00e0 c\u0153ur, mais je les laisse en permanence de c\u00f4t\u00e9\nVous avez r\u00e9pondu &#8220;OUI&#8221; \u00e0 au moins l\u2019une de ces affirmations ?\u00a0Alors ce programme est fait pour vous\u00a0!\n\u00a0Nous avons \u00e9labor\u00e9 un s\u00e9minaire unique et novateur, en immersion totale.","protected":false},"author":4,"featured_media":1900,"comment_status":"open","ping_status":"closed","sticky":false,"template":"","format":"standard","meta":{"_acf_changed":false,"footnotes":""},"categories":[475],"tags":[],"class_list":["post-1899","post","type-post","status-publish","format-standard","has-post-thumbnail","hentry","category-bien-etre"],"acf":[],"_yoast_wpseo_metadesc":null,"_yoast_wpseo_title":null,"yoast_head":"<!-- This site is optimized with the Yoast SEO plugin v27.3 - https:\/\/yoast.com\/product\/yoast-seo-wordpress\/ -->\n<title>Femmes \u00e0 l&#039;honneur! du 27 septembre au 2 octobre \u00e0 Marrakech | Psychologies Belgique<\/title>\n<meta name=\"robots\" content=\"index, follow, max-snippet:-1, max-image-preview:large, max-video-preview:-1\" \/>\n<link rel=\"canonical\" href=\"https:\/\/www.psychologies.be\/fr\/femmes-a-lhonneur-du-27-septembre-au-2-octobre-a-marrakech\/\" \/>\n<meta property=\"og:locale\" content=\"fr_FR\" \/>\n<meta property=\"og:type\" content=\"article\" \/>\n<meta property=\"og:title\" content=\"Femmes \u00e0 l&#039;honneur! du 27 septembre au 2 octobre \u00e0 Marrakech | Psychologies Belgique\" \/>\n<meta property=\"og:description\" content=\"Osez vivre la vie dont vous r\u00eavez ! Une exp\u00e9rience unique, une transformation en profondeur dans un cadre exceptionnel loin de votre quotidien  \u00a0Vous reconnaissez-vous\u00a0?   J&#039;ai l&#039;impression d\u2019\u00eatre parfois la spectatrice de ma vie  Je suis parfois d\u00e9pass\u00e9e dans la gestion de mes diff\u00e9rents r\u00f4les de femme\u00a0au quotidien  Je cours apr\u00e8s le temps et n\u2019en dispose jamais assez pour moi  J&#039;ai des relations insatisfaisantes avec mon entourage et c\u2019est une source de frustration  Je ressens parfois de la confusion dans mon esprit  J&#039;ai des r\u00eaves secrets, des projets qui me tiennent \u00e0 c\u0153ur, mais je les laisse en permanence de c\u00f4t\u00e9 Vous avez r\u00e9pondu &quot;OUI&quot; \u00e0 au moins l\u2019une de ces affirmations ?\u00a0Alors ce programme est fait pour vous\u00a0!  \u00a0Nous avons \u00e9labor\u00e9 un s\u00e9minaire unique et novateur, en immersion totale.\" \/>\n<meta property=\"og:url\" content=\"https:\/\/www.psychologies.be\/fr\/femmes-a-lhonneur-du-27-septembre-au-2-octobre-a-marrakech\/\" \/>\n<meta property=\"og:site_name\" content=\"Psychologies Belgique\" \/>\n<meta property=\"article:publisher\" content=\"https:\/\/www.facebook.com\/Psychologies\" \/>\n<meta property=\"article:published_time\" content=\"2016-06-27T10:03:15+00:00\" \/>\n<meta property=\"article:modified_time\" content=\"2025-12-16T15:21:07+00:00\" \/>\n<meta property=\"og:image\" content=\"https:\/\/www.psychologies.be\/fr\/wp-content\/uploads\/2016\/06\/femems-honneur-def.jpg\" \/>\n\t<meta property=\"og:image:width\" content=\"647\" \/>\n\t<meta property=\"og:image:height\" content=\"285\" \/>\n\t<meta property=\"og:image:type\" content=\"image\/jpeg\" \/>\n<meta name=\"author\" content=\"Christiane Thiry\" \/>\n<meta name=\"twitter:card\" content=\"summary_large_image\" \/>\n<meta name=\"twitter:label1\" content=\"\u00c9crit par\" \/>\n\t<meta name=\"twitter:data1\" content=\"Christiane Thiry\" \/>\n\t<meta name=\"twitter:label2\" content=\"Dur\u00e9e de lecture estim\u00e9e\" \/>\n\t<meta name=\"twitter:data2\" content=\"6 minutes\" \/>\n<script type=\"application\/ld+json\" class=\"yoast-schema-graph\">{\"@context\":\"https:\\\/\\\/schema.org\",\"@graph\":[{\"@type\":\"Article\",\"@id\":\"https:\\\/\\\/www.psychologies.be\\\/fr\\\/femmes-a-lhonneur-du-27-septembre-au-2-octobre-a-marrakech\\\/#article\",\"isPartOf\":{\"@id\":\"https:\\\/\\\/www.psychologies.be\\\/fr\\\/femmes-a-lhonneur-du-27-septembre-au-2-octobre-a-marrakech\\\/\"},\"author\":{\"name\":\"Christiane Thiry\",\"@id\":\"https:\\\/\\\/www.psychologies.be\\\/fr\\\/#\\\/schema\\\/person\\\/d777894ee732d5873a76450a3f5ceca5\"},\"headline\":\"Femmes \u00e0 l&#8217;honneur! du 27 septembre au 2 octobre \u00e0 Marrakech\",\"datePublished\":\"2016-06-27T10:03:15+00:00\",\"dateModified\":\"2025-12-16T15:21:07+00:00\",\"mainEntityOfPage\":{\"@id\":\"https:\\\/\\\/www.psychologies.be\\\/fr\\\/femmes-a-lhonneur-du-27-septembre-au-2-octobre-a-marrakech\\\/\"},\"wordCount\":1067,\"commentCount\":0,\"publisher\":{\"@id\":\"https:\\\/\\\/www.psychologies.be\\\/fr\\\/#organization\"},\"image\":{\"@id\":\"https:\\\/\\\/www.psychologies.be\\\/fr\\\/femmes-a-lhonneur-du-27-septembre-au-2-octobre-a-marrakech\\\/#primaryimage\"},\"thumbnailUrl\":\"https:\\\/\\\/www.psychologies.be\\\/fr\\\/wp-content\\\/uploads\\\/2016\\\/06\\\/femems-honneur-def.jpg\",\"articleSection\":[\"Bien-\u00eatre\"],\"inLanguage\":\"fr-FR\",\"potentialAction\":[{\"@type\":\"CommentAction\",\"name\":\"Comment\",\"target\":[\"https:\\\/\\\/www.psychologies.be\\\/fr\\\/femmes-a-lhonneur-du-27-septembre-au-2-octobre-a-marrakech\\\/#respond\"]}]},{\"@type\":\"WebPage\",\"@id\":\"https:\\\/\\\/www.psychologies.be\\\/fr\\\/femmes-a-lhonneur-du-27-septembre-au-2-octobre-a-marrakech\\\/\",\"url\":\"https:\\\/\\\/www.psychologies.be\\\/fr\\\/femmes-a-lhonneur-du-27-septembre-au-2-octobre-a-marrakech\\\/\",\"name\":\"Femmes \u00e0 l'honneur! du 27 septembre au 2 octobre \u00e0 Marrakech | Psychologies Belgique\",\"isPartOf\":{\"@id\":\"https:\\\/\\\/www.psychologies.be\\\/fr\\\/#website\"},\"primaryImageOfPage\":{\"@id\":\"https:\\\/\\\/www.psychologies.be\\\/fr\\\/femmes-a-lhonneur-du-27-septembre-au-2-octobre-a-marrakech\\\/#primaryimage\"},\"image\":{\"@id\":\"https:\\\/\\\/www.psychologies.be\\\/fr\\\/femmes-a-lhonneur-du-27-septembre-au-2-octobre-a-marrakech\\\/#primaryimage\"},\"thumbnailUrl\":\"https:\\\/\\\/www.psychologies.be\\\/fr\\\/wp-content\\\/uploads\\\/2016\\\/06\\\/femems-honneur-def.jpg\",\"datePublished\":\"2016-06-27T10:03:15+00:00\",\"dateModified\":\"2025-12-16T15:21:07+00:00\",\"breadcrumb\":{\"@id\":\"https:\\\/\\\/www.psychologies.be\\\/fr\\\/femmes-a-lhonneur-du-27-septembre-au-2-octobre-a-marrakech\\\/#breadcrumb\"},\"inLanguage\":\"fr-FR\",\"potentialAction\":[{\"@type\":\"ReadAction\",\"target\":[\"https:\\\/\\\/www.psychologies.be\\\/fr\\\/femmes-a-lhonneur-du-27-septembre-au-2-octobre-a-marrakech\\\/\"]}]},{\"@type\":\"ImageObject\",\"inLanguage\":\"fr-FR\",\"@id\":\"https:\\\/\\\/www.psychologies.be\\\/fr\\\/femmes-a-lhonneur-du-27-septembre-au-2-octobre-a-marrakech\\\/#primaryimage\",\"url\":\"https:\\\/\\\/www.psychologies.be\\\/fr\\\/wp-content\\\/uploads\\\/2016\\\/06\\\/femems-honneur-def.jpg\",\"contentUrl\":\"https:\\\/\\\/www.psychologies.be\\\/fr\\\/wp-content\\\/uploads\\\/2016\\\/06\\\/femems-honneur-def.jpg\",\"width\":647,\"height\":285},{\"@type\":\"BreadcrumbList\",\"@id\":\"https:\\\/\\\/www.psychologies.be\\\/fr\\\/femmes-a-lhonneur-du-27-septembre-au-2-octobre-a-marrakech\\\/#breadcrumb\",\"itemListElement\":[{\"@type\":\"ListItem\",\"position\":1,\"name\":\"Home\",\"item\":\"https:\\\/\\\/www.psychologies.be\\\/fr\\\/\"},{\"@type\":\"ListItem\",\"position\":2,\"name\":\"Bien-\u00eatre\",\"item\":\"https:\\\/\\\/www.psychologies.be\\\/fr\\\/bien-etre\\\/\"},{\"@type\":\"ListItem\",\"position\":3,\"name\":\"Femmes \u00e0 l&#8217;honneur! du 27 septembre au 2 octobre \u00e0 Marrakech\"}]},{\"@type\":\"WebSite\",\"@id\":\"https:\\\/\\\/www.psychologies.be\\\/fr\\\/#website\",\"url\":\"https:\\\/\\\/www.psychologies.be\\\/fr\\\/\",\"name\":\"Psychologies Belgique\",\"description\":\"Psychologie, mieux se conna\u00eetre pour mieux vivre sa vie\",\"publisher\":{\"@id\":\"https:\\\/\\\/www.psychologies.be\\\/fr\\\/#organization\"},\"potentialAction\":[{\"@type\":\"SearchAction\",\"target\":{\"@type\":\"EntryPoint\",\"urlTemplate\":\"https:\\\/\\\/www.psychologies.be\\\/fr\\\/?s={search_term_string}\"},\"query-input\":{\"@type\":\"PropertyValueSpecification\",\"valueRequired\":true,\"valueName\":\"search_term_string\"}}],\"inLanguage\":\"fr-FR\"},{\"@type\":\"Organization\",\"@id\":\"https:\\\/\\\/www.psychologies.be\\\/fr\\\/#organization\",\"name\":\"Psychologies Belgique\",\"url\":\"https:\\\/\\\/www.psychologies.be\\\/fr\\\/\",\"logo\":{\"@type\":\"ImageObject\",\"inLanguage\":\"fr-FR\",\"@id\":\"https:\\\/\\\/www.psychologies.be\\\/fr\\\/#\\\/schema\\\/logo\\\/image\\\/\",\"url\":\"https:\\\/\\\/www.psychologies.be\\\/fr\\\/wp-content\\\/uploads\\\/2025\\\/03\\\/psychologies-be.png\",\"contentUrl\":\"https:\\\/\\\/www.psychologies.be\\\/fr\\\/wp-content\\\/uploads\\\/2025\\\/03\\\/psychologies-be.png\",\"width\":696,\"height\":696,\"caption\":\"Psychologies Belgique\"},\"image\":{\"@id\":\"https:\\\/\\\/www.psychologies.be\\\/fr\\\/#\\\/schema\\\/logo\\\/image\\\/\"},\"sameAs\":[\"https:\\\/\\\/www.facebook.com\\\/Psychologies\"]},{\"@type\":\"Person\",\"@id\":\"https:\\\/\\\/www.psychologies.be\\\/fr\\\/#\\\/schema\\\/person\\\/d777894ee732d5873a76450a3f5ceca5\",\"name\":\"Christiane Thiry\",\"url\":\"https:\\\/\\\/www.psychologies.be\\\/fr\\\/author\\\/christiane\\\/\"}]}<\/script>\n<!-- \/ Yoast SEO plugin. -->","yoast_head_json":{"title":"Femmes \u00e0 l'honneur! du 27 septembre au 2 octobre \u00e0 Marrakech | Psychologies Belgique","robots":{"index":"index","follow":"follow","max-snippet":"max-snippet:-1","max-image-preview":"max-image-preview:large","max-video-preview":"max-video-preview:-1"},"canonical":"https:\/\/www.psychologies.be\/fr\/femmes-a-lhonneur-du-27-septembre-au-2-octobre-a-marrakech\/","og_locale":"fr_FR","og_type":"article","og_title":"Femmes \u00e0 l'honneur! du 27 septembre au 2 octobre \u00e0 Marrakech | Psychologies Belgique","og_description":"Osez vivre la vie dont vous r\u00eavez ! Une exp\u00e9rience unique, une transformation en profondeur dans un cadre exceptionnel loin de votre quotidien  \u00a0Vous reconnaissez-vous\u00a0?   J'ai l'impression d\u2019\u00eatre parfois la spectatrice de ma vie  Je suis parfois d\u00e9pass\u00e9e dans la gestion de mes diff\u00e9rents r\u00f4les de femme\u00a0au quotidien  Je cours apr\u00e8s le temps et n\u2019en dispose jamais assez pour moi  J'ai des relations insatisfaisantes avec mon entourage et c\u2019est une source de frustration  Je ressens parfois de la confusion dans mon esprit  J'ai des r\u00eaves secrets, des projets qui me tiennent \u00e0 c\u0153ur, mais je les laisse en permanence de c\u00f4t\u00e9 Vous avez r\u00e9pondu \"OUI\" \u00e0 au moins l\u2019une de ces affirmations ?\u00a0Alors ce programme est fait pour vous\u00a0!  \u00a0Nous avons \u00e9labor\u00e9 un s\u00e9minaire unique et novateur, en immersion totale.","og_url":"https:\/\/www.psychologies.be\/fr\/femmes-a-lhonneur-du-27-septembre-au-2-octobre-a-marrakech\/","og_site_name":"Psychologies Belgique","article_publisher":"https:\/\/www.facebook.com\/Psychologies","article_published_time":"2016-06-27T10:03:15+00:00","article_modified_time":"2025-12-16T15:21:07+00:00","og_image":[{"width":647,"height":285,"url":"https:\/\/www.psychologies.be\/fr\/wp-content\/uploads\/2016\/06\/femems-honneur-def.jpg","type":"image\/jpeg"}],"author":"Christiane Thiry","twitter_card":"summary_large_image","twitter_misc":{"\u00c9crit par":"Christiane Thiry","Dur\u00e9e de lecture estim\u00e9e":"6 minutes"},"schema":{"@context":"https:\/\/schema.org","@graph":[{"@type":"Article","@id":"https:\/\/www.psychologies.be\/fr\/femmes-a-lhonneur-du-27-septembre-au-2-octobre-a-marrakech\/#article","isPartOf":{"@id":"https:\/\/www.psychologies.be\/fr\/femmes-a-lhonneur-du-27-septembre-au-2-octobre-a-marrakech\/"},"author":{"name":"Christiane Thiry","@id":"https:\/\/www.psychologies.be\/fr\/#\/schema\/person\/d777894ee732d5873a76450a3f5ceca5"},"headline":"Femmes \u00e0 l&#8217;honneur! du 27 septembre au 2 octobre \u00e0 Marrakech","datePublished":"2016-06-27T10:03:15+00:00","dateModified":"2025-12-16T15:21:07+00:00","mainEntityOfPage":{"@id":"https:\/\/www.psychologies.be\/fr\/femmes-a-lhonneur-du-27-septembre-au-2-octobre-a-marrakech\/"},"wordCount":1067,"commentCount":0,"publisher":{"@id":"https:\/\/www.psychologies.be\/fr\/#organization"},"image":{"@id":"https:\/\/www.psychologies.be\/fr\/femmes-a-lhonneur-du-27-septembre-au-2-octobre-a-marrakech\/#primaryimage"},"thumbnailUrl":"https:\/\/www.psychologies.be\/fr\/wp-content\/uploads\/2016\/06\/femems-honneur-def.jpg","articleSection":["Bien-\u00eatre"],"inLanguage":"fr-FR","potentialAction":[{"@type":"CommentAction","name":"Comment","target":["https:\/\/www.psychologies.be\/fr\/femmes-a-lhonneur-du-27-septembre-au-2-octobre-a-marrakech\/#respond"]}]},{"@type":"WebPage","@id":"https:\/\/www.psychologies.be\/fr\/femmes-a-lhonneur-du-27-septembre-au-2-octobre-a-marrakech\/","url":"https:\/\/www.psychologies.be\/fr\/femmes-a-lhonneur-du-27-septembre-au-2-octobre-a-marrakech\/","name":"Femmes \u00e0 l'honneur! du 27 septembre au 2 octobre \u00e0 Marrakech | Psychologies Belgique","isPartOf":{"@id":"https:\/\/www.psychologies.be\/fr\/#website"},"primaryImageOfPage":{"@id":"https:\/\/www.psychologies.be\/fr\/femmes-a-lhonneur-du-27-septembre-au-2-octobre-a-marrakech\/#primaryimage"},"image":{"@id":"https:\/\/www.psychologies.be\/fr\/femmes-a-lhonneur-du-27-septembre-au-2-octobre-a-marrakech\/#primaryimage"},"thumbnailUrl":"https:\/\/www.psychologies.be\/fr\/wp-content\/uploads\/2016\/06\/femems-honneur-def.jpg","datePublished":"2016-06-27T10:03:15+00:00","dateModified":"2025-12-16T15:21:07+00:00","breadcrumb":{"@id":"https:\/\/www.psychologies.be\/fr\/femmes-a-lhonneur-du-27-septembre-au-2-octobre-a-marrakech\/#breadcrumb"},"inLanguage":"fr-FR","potentialAction":[{"@type":"ReadAction","target":["https:\/\/www.psychologies.be\/fr\/femmes-a-lhonneur-du-27-septembre-au-2-octobre-a-marrakech\/"]}]},{"@type":"ImageObject","inLanguage":"fr-FR","@id":"https:\/\/www.psychologies.be\/fr\/femmes-a-lhonneur-du-27-septembre-au-2-octobre-a-marrakech\/#primaryimage","url":"https:\/\/www.psychologies.be\/fr\/wp-content\/uploads\/2016\/06\/femems-honneur-def.jpg","contentUrl":"https:\/\/www.psychologies.be\/fr\/wp-content\/uploads\/2016\/06\/femems-honneur-def.jpg","width":647,"height":285},{"@type":"BreadcrumbList","@id":"https:\/\/www.psychologies.be\/fr\/femmes-a-lhonneur-du-27-septembre-au-2-octobre-a-marrakech\/#breadcrumb","itemListElement":[{"@type":"ListItem","position":1,"name":"Home","item":"https:\/\/www.psychologies.be\/fr\/"},{"@type":"ListItem","position":2,"name":"Bien-\u00eatre","item":"https:\/\/www.psychologies.be\/fr\/bien-etre\/"},{"@type":"ListItem","position":3,"name":"Femmes \u00e0 l&#8217;honneur! du 27 septembre au 2 octobre \u00e0 Marrakech"}]},{"@type":"WebSite","@id":"https:\/\/www.psychologies.be\/fr\/#website","url":"https:\/\/www.psychologies.be\/fr\/","name":"Psychologies Belgique","description":"Psychologie, mieux se conna\u00eetre pour mieux vivre sa vie","publisher":{"@id":"https:\/\/www.psychologies.be\/fr\/#organization"},"potentialAction":[{"@type":"SearchAction","target":{"@type":"EntryPoint","urlTemplate":"https:\/\/www.psychologies.be\/fr\/?s={search_term_string}"},"query-input":{"@type":"PropertyValueSpecification","valueRequired":true,"valueName":"search_term_string"}}],"inLanguage":"fr-FR"},{"@type":"Organization","@id":"https:\/\/www.psychologies.be\/fr\/#organization","name":"Psychologies Belgique","url":"https:\/\/www.psychologies.be\/fr\/","logo":{"@type":"ImageObject","inLanguage":"fr-FR","@id":"https:\/\/www.psychologies.be\/fr\/#\/schema\/logo\/image\/","url":"https:\/\/www.psychologies.be\/fr\/wp-content\/uploads\/2025\/03\/psychologies-be.png","contentUrl":"https:\/\/www.psychologies.be\/fr\/wp-content\/uploads\/2025\/03\/psychologies-be.png","width":696,"height":696,"caption":"Psychologies Belgique"},"image":{"@id":"https:\/\/www.psychologies.be\/fr\/#\/schema\/logo\/image\/"},"sameAs":["https:\/\/www.facebook.com\/Psychologies"]},{"@type":"Person","@id":"https:\/\/www.psychologies.be\/fr\/#\/schema\/person\/d777894ee732d5873a76450a3f5ceca5","name":"Christiane Thiry","url":"https:\/\/www.psychologies.be\/fr\/author\/christiane\/"}]}},"_links":{"self":[{"href":"https:\/\/www.psychologies.be\/fr\/wp-json\/wp\/v2\/posts\/1899","targetHints":{"allow":["GET"]}}],"collection":[{"href":"https:\/\/www.psychologies.be\/fr\/wp-json\/wp\/v2\/posts"}],"about":[{"href":"https:\/\/www.psychologies.be\/fr\/wp-json\/wp\/v2\/types\/post"}],"author":[{"embeddable":true,"href":"https:\/\/www.psychologies.be\/fr\/wp-json\/wp\/v2\/users\/4"}],"replies":[{"embeddable":true,"href":"https:\/\/www.psychologies.be\/fr\/wp-json\/wp\/v2\/comments?post=1899"}],"version-history":[{"count":1,"href":"https:\/\/www.psychologies.be\/fr\/wp-json\/wp\/v2\/posts\/1899\/revisions"}],"predecessor-version":[{"id":13911,"href":"https:\/\/www.psychologies.be\/fr\/wp-json\/wp\/v2\/posts\/1899\/revisions\/13911"}],"wp:featuredmedia":[{"embeddable":true,"href":"https:\/\/www.psychologies.be\/fr\/wp-json\/wp\/v2\/media\/1900"}],"wp:attachment":[{"href":"https:\/\/www.psychologies.be\/fr\/wp-json\/wp\/v2\/media?parent=1899"}],"wp:term":[{"taxonomy":"category","embeddable":true,"href":"https:\/\/www.psychologies.be\/fr\/wp-json\/wp\/v2\/categories?post=1899"},{"taxonomy":"post_tag","embeddable":true,"href":"https:\/\/www.psychologies.be\/fr\/wp-json\/wp\/v2\/tags?post=1899"}],"curies":[{"name":"wp","href":"https:\/\/api.w.org\/{rel}","templated":true}]}}