{"id":2018,"date":"2016-07-08T13:12:28","date_gmt":"2016-07-08T11:12:28","guid":{"rendered":"http:\/\/www.psychologies.be\/com\/?p=2018"},"modified":"2025-12-16T16:00:09","modified_gmt":"2025-12-16T15:00:09","slug":"ne-ratez-amadeus-spectacle-flamboyant-a-villers-ville-13-juillet-6-aout","status":"publish","type":"post","link":"https:\/\/www.psychologies.be\/fr\/ne-ratez-amadeus-spectacle-flamboyant-a-villers-ville-13-juillet-6-aout\/","title":{"rendered":"Ne ratez pas Amadeus, un spectacle flamboyant \u00e0 Villers-la- Ville du 13 juillet au 6 ao\u00fbt"},"content":{"rendered":"","protected":false},"excerpt":{"rendered":"Le 30\u00e8me spectacle th\u00e9\u00e2tral d\u2019\u00e9t\u00e9 dans les ruines de l\u2019Abbaye de Villers-la-Ville sera le plus flamboyant des spectacles, emmen\u00e9 par une grande \u00e9quipe dans une mise en sc\u00e8ne ample, une sc\u00e9nographie monumentale, au sein d\u2019une abbaye m\u00e9tamorphos\u00e9e par les projections d\u2019images et envelopp\u00e9e des plus belles musiques de Mozart.","protected":false},"author":4,"featured_media":2019,"comment_status":"open","ping_status":"closed","sticky":false,"template":"","format":"standard","meta":{"_acf_changed":false,"footnotes":""},"categories":[471],"tags":[],"class_list":["post-2018","post","type-post","status-publish","format-standard","has-post-thumbnail","hentry","category-famille"],"acf":[],"_yoast_wpseo_metadesc":null,"_yoast_wpseo_title":null,"yoast_head":"<!-- This site is optimized with the Yoast SEO plugin v27.3 - https:\/\/yoast.com\/product\/yoast-seo-wordpress\/ -->\n<title>Ne ratez pas Amadeus, un spectacle flamboyant \u00e0 Villers-la- Ville du 13 juillet au 6 ao\u00fbt | Psychologies Belgique<\/title>\n<meta name=\"robots\" content=\"index, follow, max-snippet:-1, max-image-preview:large, max-video-preview:-1\" \/>\n<link rel=\"canonical\" href=\"https:\/\/www.psychologies.be\/fr\/ne-ratez-amadeus-spectacle-flamboyant-a-villers-ville-13-juillet-6-aout\/\" \/>\n<meta property=\"og:locale\" content=\"fr_FR\" \/>\n<meta property=\"og:type\" content=\"article\" \/>\n<meta property=\"og:title\" content=\"Ne ratez pas Amadeus, un spectacle flamboyant \u00e0 Villers-la- Ville du 13 juillet au 6 ao\u00fbt | Psychologies Belgique\" \/>\n<meta property=\"og:description\" content=\"Le 30\u00e8me spectacle th\u00e9\u00e2tral d\u2019\u00e9t\u00e9 dans les ruines de l\u2019Abbaye de Villers-la-Ville sera le plus flamboyant des spectacles, emmen\u00e9 par une grande \u00e9quipe dans une mise en sc\u00e8ne ample, une sc\u00e9nographie monumentale, au sein d\u2019une abbaye m\u00e9tamorphos\u00e9e par les projections d\u2019images et envelopp\u00e9e des plus belles musiques de Mozart.\" \/>\n<meta property=\"og:url\" content=\"https:\/\/www.psychologies.be\/fr\/ne-ratez-amadeus-spectacle-flamboyant-a-villers-ville-13-juillet-6-aout\/\" \/>\n<meta property=\"og:site_name\" content=\"Psychologies Belgique\" \/>\n<meta property=\"article:publisher\" content=\"https:\/\/www.facebook.com\/Psychologies\" \/>\n<meta property=\"article:published_time\" content=\"2016-07-08T11:12:28+00:00\" \/>\n<meta property=\"article:modified_time\" content=\"2025-12-16T15:00:09+00:00\" \/>\n<meta property=\"og:image\" content=\"https:\/\/www.psychologies.be\/fr\/wp-content\/uploads\/2016\/07\/spectacle-amadeus-word.jpg\" \/>\n\t<meta property=\"og:image:width\" content=\"647\" \/>\n\t<meta property=\"og:image:height\" content=\"285\" \/>\n\t<meta property=\"og:image:type\" content=\"image\/jpeg\" \/>\n<meta name=\"author\" content=\"Christiane Thiry\" \/>\n<meta name=\"twitter:card\" content=\"summary_large_image\" \/>\n<meta name=\"twitter:label1\" content=\"\u00c9crit par\" \/>\n\t<meta name=\"twitter:data1\" content=\"Christiane Thiry\" \/>\n\t<meta name=\"twitter:label2\" content=\"Dur\u00e9e de lecture estim\u00e9e\" \/>\n\t<meta name=\"twitter:data2\" content=\"1 minute\" \/>\n<script type=\"application\/ld+json\" class=\"yoast-schema-graph\">{\"@context\":\"https:\\\/\\\/schema.org\",\"@graph\":[{\"@type\":\"Article\",\"@id\":\"https:\\\/\\\/www.psychologies.be\\\/fr\\\/ne-ratez-amadeus-spectacle-flamboyant-a-villers-ville-13-juillet-6-aout\\\/#article\",\"isPartOf\":{\"@id\":\"https:\\\/\\\/www.psychologies.be\\\/fr\\\/ne-ratez-amadeus-spectacle-flamboyant-a-villers-ville-13-juillet-6-aout\\\/\"},\"author\":{\"name\":\"Christiane Thiry\",\"@id\":\"https:\\\/\\\/www.psychologies.be\\\/fr\\\/#\\\/schema\\\/person\\\/d777894ee732d5873a76450a3f5ceca5\"},\"headline\":\"Ne ratez pas Amadeus, un spectacle flamboyant \u00e0 Villers-la- Ville du 13 juillet au 6 ao\u00fbt\",\"datePublished\":\"2016-07-08T11:12:28+00:00\",\"dateModified\":\"2025-12-16T15:00:09+00:00\",\"mainEntityOfPage\":{\"@id\":\"https:\\\/\\\/www.psychologies.be\\\/fr\\\/ne-ratez-amadeus-spectacle-flamboyant-a-villers-ville-13-juillet-6-aout\\\/\"},\"wordCount\":134,\"commentCount\":0,\"publisher\":{\"@id\":\"https:\\\/\\\/www.psychologies.be\\\/fr\\\/#organization\"},\"image\":{\"@id\":\"https:\\\/\\\/www.psychologies.be\\\/fr\\\/ne-ratez-amadeus-spectacle-flamboyant-a-villers-ville-13-juillet-6-aout\\\/#primaryimage\"},\"thumbnailUrl\":\"https:\\\/\\\/www.psychologies.be\\\/fr\\\/wp-content\\\/uploads\\\/2016\\\/07\\\/spectacle-amadeus-word.jpg\",\"articleSection\":[\"Famille\"],\"inLanguage\":\"fr-FR\",\"potentialAction\":[{\"@type\":\"CommentAction\",\"name\":\"Comment\",\"target\":[\"https:\\\/\\\/www.psychologies.be\\\/fr\\\/ne-ratez-amadeus-spectacle-flamboyant-a-villers-ville-13-juillet-6-aout\\\/#respond\"]}]},{\"@type\":\"WebPage\",\"@id\":\"https:\\\/\\\/www.psychologies.be\\\/fr\\\/ne-ratez-amadeus-spectacle-flamboyant-a-villers-ville-13-juillet-6-aout\\\/\",\"url\":\"https:\\\/\\\/www.psychologies.be\\\/fr\\\/ne-ratez-amadeus-spectacle-flamboyant-a-villers-ville-13-juillet-6-aout\\\/\",\"name\":\"Ne ratez pas Amadeus, un spectacle flamboyant \u00e0 Villers-la- Ville du 13 juillet au 6 ao\u00fbt | Psychologies Belgique\",\"isPartOf\":{\"@id\":\"https:\\\/\\\/www.psychologies.be\\\/fr\\\/#website\"},\"primaryImageOfPage\":{\"@id\":\"https:\\\/\\\/www.psychologies.be\\\/fr\\\/ne-ratez-amadeus-spectacle-flamboyant-a-villers-ville-13-juillet-6-aout\\\/#primaryimage\"},\"image\":{\"@id\":\"https:\\\/\\\/www.psychologies.be\\\/fr\\\/ne-ratez-amadeus-spectacle-flamboyant-a-villers-ville-13-juillet-6-aout\\\/#primaryimage\"},\"thumbnailUrl\":\"https:\\\/\\\/www.psychologies.be\\\/fr\\\/wp-content\\\/uploads\\\/2016\\\/07\\\/spectacle-amadeus-word.jpg\",\"datePublished\":\"2016-07-08T11:12:28+00:00\",\"dateModified\":\"2025-12-16T15:00:09+00:00\",\"breadcrumb\":{\"@id\":\"https:\\\/\\\/www.psychologies.be\\\/fr\\\/ne-ratez-amadeus-spectacle-flamboyant-a-villers-ville-13-juillet-6-aout\\\/#breadcrumb\"},\"inLanguage\":\"fr-FR\",\"potentialAction\":[{\"@type\":\"ReadAction\",\"target\":[\"https:\\\/\\\/www.psychologies.be\\\/fr\\\/ne-ratez-amadeus-spectacle-flamboyant-a-villers-ville-13-juillet-6-aout\\\/\"]}]},{\"@type\":\"ImageObject\",\"inLanguage\":\"fr-FR\",\"@id\":\"https:\\\/\\\/www.psychologies.be\\\/fr\\\/ne-ratez-amadeus-spectacle-flamboyant-a-villers-ville-13-juillet-6-aout\\\/#primaryimage\",\"url\":\"https:\\\/\\\/www.psychologies.be\\\/fr\\\/wp-content\\\/uploads\\\/2016\\\/07\\\/spectacle-amadeus-word.jpg\",\"contentUrl\":\"https:\\\/\\\/www.psychologies.be\\\/fr\\\/wp-content\\\/uploads\\\/2016\\\/07\\\/spectacle-amadeus-word.jpg\",\"width\":647,\"height\":285},{\"@type\":\"BreadcrumbList\",\"@id\":\"https:\\\/\\\/www.psychologies.be\\\/fr\\\/ne-ratez-amadeus-spectacle-flamboyant-a-villers-ville-13-juillet-6-aout\\\/#breadcrumb\",\"itemListElement\":[{\"@type\":\"ListItem\",\"position\":1,\"name\":\"Home\",\"item\":\"https:\\\/\\\/www.psychologies.be\\\/fr\\\/\"},{\"@type\":\"ListItem\",\"position\":2,\"name\":\"Famille\",\"item\":\"https:\\\/\\\/www.psychologies.be\\\/fr\\\/famille\\\/\"},{\"@type\":\"ListItem\",\"position\":3,\"name\":\"Ne ratez pas Amadeus, un spectacle flamboyant \u00e0 Villers-la- Ville du 13 juillet au 6 ao\u00fbt\"}]},{\"@type\":\"WebSite\",\"@id\":\"https:\\\/\\\/www.psychologies.be\\\/fr\\\/#website\",\"url\":\"https:\\\/\\\/www.psychologies.be\\\/fr\\\/\",\"name\":\"Psychologies Belgique\",\"description\":\"Psychologie, mieux se conna\u00eetre pour mieux vivre sa vie\",\"publisher\":{\"@id\":\"https:\\\/\\\/www.psychologies.be\\\/fr\\\/#organization\"},\"potentialAction\":[{\"@type\":\"SearchAction\",\"target\":{\"@type\":\"EntryPoint\",\"urlTemplate\":\"https:\\\/\\\/www.psychologies.be\\\/fr\\\/?s={search_term_string}\"},\"query-input\":{\"@type\":\"PropertyValueSpecification\",\"valueRequired\":true,\"valueName\":\"search_term_string\"}}],\"inLanguage\":\"fr-FR\"},{\"@type\":\"Organization\",\"@id\":\"https:\\\/\\\/www.psychologies.be\\\/fr\\\/#organization\",\"name\":\"Psychologies Belgique\",\"url\":\"https:\\\/\\\/www.psychologies.be\\\/fr\\\/\",\"logo\":{\"@type\":\"ImageObject\",\"inLanguage\":\"fr-FR\",\"@id\":\"https:\\\/\\\/www.psychologies.be\\\/fr\\\/#\\\/schema\\\/logo\\\/image\\\/\",\"url\":\"https:\\\/\\\/www.psychologies.be\\\/fr\\\/wp-content\\\/uploads\\\/2025\\\/03\\\/psychologies-be.png\",\"contentUrl\":\"https:\\\/\\\/www.psychologies.be\\\/fr\\\/wp-content\\\/uploads\\\/2025\\\/03\\\/psychologies-be.png\",\"width\":696,\"height\":696,\"caption\":\"Psychologies Belgique\"},\"image\":{\"@id\":\"https:\\\/\\\/www.psychologies.be\\\/fr\\\/#\\\/schema\\\/logo\\\/image\\\/\"},\"sameAs\":[\"https:\\\/\\\/www.facebook.com\\\/Psychologies\"]},{\"@type\":\"Person\",\"@id\":\"https:\\\/\\\/www.psychologies.be\\\/fr\\\/#\\\/schema\\\/person\\\/d777894ee732d5873a76450a3f5ceca5\",\"name\":\"Christiane Thiry\",\"url\":\"https:\\\/\\\/www.psychologies.be\\\/fr\\\/author\\\/christiane\\\/\"}]}<\/script>\n<!-- \/ Yoast SEO plugin. -->","yoast_head_json":{"title":"Ne ratez pas Amadeus, un spectacle flamboyant \u00e0 Villers-la- Ville du 13 juillet au 6 ao\u00fbt | Psychologies Belgique","robots":{"index":"index","follow":"follow","max-snippet":"max-snippet:-1","max-image-preview":"max-image-preview:large","max-video-preview":"max-video-preview:-1"},"canonical":"https:\/\/www.psychologies.be\/fr\/ne-ratez-amadeus-spectacle-flamboyant-a-villers-ville-13-juillet-6-aout\/","og_locale":"fr_FR","og_type":"article","og_title":"Ne ratez pas Amadeus, un spectacle flamboyant \u00e0 Villers-la- Ville du 13 juillet au 6 ao\u00fbt | Psychologies Belgique","og_description":"Le 30\u00e8me spectacle th\u00e9\u00e2tral d\u2019\u00e9t\u00e9 dans les ruines de l\u2019Abbaye de Villers-la-Ville sera le plus flamboyant des spectacles, emmen\u00e9 par une grande \u00e9quipe dans une mise en sc\u00e8ne ample, une sc\u00e9nographie monumentale, au sein d\u2019une abbaye m\u00e9tamorphos\u00e9e par les projections d\u2019images et envelopp\u00e9e des plus belles musiques de Mozart.","og_url":"https:\/\/www.psychologies.be\/fr\/ne-ratez-amadeus-spectacle-flamboyant-a-villers-ville-13-juillet-6-aout\/","og_site_name":"Psychologies Belgique","article_publisher":"https:\/\/www.facebook.com\/Psychologies","article_published_time":"2016-07-08T11:12:28+00:00","article_modified_time":"2025-12-16T15:00:09+00:00","og_image":[{"width":647,"height":285,"url":"https:\/\/www.psychologies.be\/fr\/wp-content\/uploads\/2016\/07\/spectacle-amadeus-word.jpg","type":"image\/jpeg"}],"author":"Christiane Thiry","twitter_card":"summary_large_image","twitter_misc":{"\u00c9crit par":"Christiane Thiry","Dur\u00e9e de lecture estim\u00e9e":"1 minute"},"schema":{"@context":"https:\/\/schema.org","@graph":[{"@type":"Article","@id":"https:\/\/www.psychologies.be\/fr\/ne-ratez-amadeus-spectacle-flamboyant-a-villers-ville-13-juillet-6-aout\/#article","isPartOf":{"@id":"https:\/\/www.psychologies.be\/fr\/ne-ratez-amadeus-spectacle-flamboyant-a-villers-ville-13-juillet-6-aout\/"},"author":{"name":"Christiane Thiry","@id":"https:\/\/www.psychologies.be\/fr\/#\/schema\/person\/d777894ee732d5873a76450a3f5ceca5"},"headline":"Ne ratez pas Amadeus, un spectacle flamboyant \u00e0 Villers-la- Ville du 13 juillet au 6 ao\u00fbt","datePublished":"2016-07-08T11:12:28+00:00","dateModified":"2025-12-16T15:00:09+00:00","mainEntityOfPage":{"@id":"https:\/\/www.psychologies.be\/fr\/ne-ratez-amadeus-spectacle-flamboyant-a-villers-ville-13-juillet-6-aout\/"},"wordCount":134,"commentCount":0,"publisher":{"@id":"https:\/\/www.psychologies.be\/fr\/#organization"},"image":{"@id":"https:\/\/www.psychologies.be\/fr\/ne-ratez-amadeus-spectacle-flamboyant-a-villers-ville-13-juillet-6-aout\/#primaryimage"},"thumbnailUrl":"https:\/\/www.psychologies.be\/fr\/wp-content\/uploads\/2016\/07\/spectacle-amadeus-word.jpg","articleSection":["Famille"],"inLanguage":"fr-FR","potentialAction":[{"@type":"CommentAction","name":"Comment","target":["https:\/\/www.psychologies.be\/fr\/ne-ratez-amadeus-spectacle-flamboyant-a-villers-ville-13-juillet-6-aout\/#respond"]}]},{"@type":"WebPage","@id":"https:\/\/www.psychologies.be\/fr\/ne-ratez-amadeus-spectacle-flamboyant-a-villers-ville-13-juillet-6-aout\/","url":"https:\/\/www.psychologies.be\/fr\/ne-ratez-amadeus-spectacle-flamboyant-a-villers-ville-13-juillet-6-aout\/","name":"Ne ratez pas Amadeus, un spectacle flamboyant \u00e0 Villers-la- Ville du 13 juillet au 6 ao\u00fbt | Psychologies Belgique","isPartOf":{"@id":"https:\/\/www.psychologies.be\/fr\/#website"},"primaryImageOfPage":{"@id":"https:\/\/www.psychologies.be\/fr\/ne-ratez-amadeus-spectacle-flamboyant-a-villers-ville-13-juillet-6-aout\/#primaryimage"},"image":{"@id":"https:\/\/www.psychologies.be\/fr\/ne-ratez-amadeus-spectacle-flamboyant-a-villers-ville-13-juillet-6-aout\/#primaryimage"},"thumbnailUrl":"https:\/\/www.psychologies.be\/fr\/wp-content\/uploads\/2016\/07\/spectacle-amadeus-word.jpg","datePublished":"2016-07-08T11:12:28+00:00","dateModified":"2025-12-16T15:00:09+00:00","breadcrumb":{"@id":"https:\/\/www.psychologies.be\/fr\/ne-ratez-amadeus-spectacle-flamboyant-a-villers-ville-13-juillet-6-aout\/#breadcrumb"},"inLanguage":"fr-FR","potentialAction":[{"@type":"ReadAction","target":["https:\/\/www.psychologies.be\/fr\/ne-ratez-amadeus-spectacle-flamboyant-a-villers-ville-13-juillet-6-aout\/"]}]},{"@type":"ImageObject","inLanguage":"fr-FR","@id":"https:\/\/www.psychologies.be\/fr\/ne-ratez-amadeus-spectacle-flamboyant-a-villers-ville-13-juillet-6-aout\/#primaryimage","url":"https:\/\/www.psychologies.be\/fr\/wp-content\/uploads\/2016\/07\/spectacle-amadeus-word.jpg","contentUrl":"https:\/\/www.psychologies.be\/fr\/wp-content\/uploads\/2016\/07\/spectacle-amadeus-word.jpg","width":647,"height":285},{"@type":"BreadcrumbList","@id":"https:\/\/www.psychologies.be\/fr\/ne-ratez-amadeus-spectacle-flamboyant-a-villers-ville-13-juillet-6-aout\/#breadcrumb","itemListElement":[{"@type":"ListItem","position":1,"name":"Home","item":"https:\/\/www.psychologies.be\/fr\/"},{"@type":"ListItem","position":2,"name":"Famille","item":"https:\/\/www.psychologies.be\/fr\/famille\/"},{"@type":"ListItem","position":3,"name":"Ne ratez pas Amadeus, un spectacle flamboyant \u00e0 Villers-la- Ville du 13 juillet au 6 ao\u00fbt"}]},{"@type":"WebSite","@id":"https:\/\/www.psychologies.be\/fr\/#website","url":"https:\/\/www.psychologies.be\/fr\/","name":"Psychologies Belgique","description":"Psychologie, mieux se conna\u00eetre pour mieux vivre sa vie","publisher":{"@id":"https:\/\/www.psychologies.be\/fr\/#organization"},"potentialAction":[{"@type":"SearchAction","target":{"@type":"EntryPoint","urlTemplate":"https:\/\/www.psychologies.be\/fr\/?s={search_term_string}"},"query-input":{"@type":"PropertyValueSpecification","valueRequired":true,"valueName":"search_term_string"}}],"inLanguage":"fr-FR"},{"@type":"Organization","@id":"https:\/\/www.psychologies.be\/fr\/#organization","name":"Psychologies Belgique","url":"https:\/\/www.psychologies.be\/fr\/","logo":{"@type":"ImageObject","inLanguage":"fr-FR","@id":"https:\/\/www.psychologies.be\/fr\/#\/schema\/logo\/image\/","url":"https:\/\/www.psychologies.be\/fr\/wp-content\/uploads\/2025\/03\/psychologies-be.png","contentUrl":"https:\/\/www.psychologies.be\/fr\/wp-content\/uploads\/2025\/03\/psychologies-be.png","width":696,"height":696,"caption":"Psychologies Belgique"},"image":{"@id":"https:\/\/www.psychologies.be\/fr\/#\/schema\/logo\/image\/"},"sameAs":["https:\/\/www.facebook.com\/Psychologies"]},{"@type":"Person","@id":"https:\/\/www.psychologies.be\/fr\/#\/schema\/person\/d777894ee732d5873a76450a3f5ceca5","name":"Christiane Thiry","url":"https:\/\/www.psychologies.be\/fr\/author\/christiane\/"}]}},"_links":{"self":[{"href":"https:\/\/www.psychologies.be\/fr\/wp-json\/wp\/v2\/posts\/2018","targetHints":{"allow":["GET"]}}],"collection":[{"href":"https:\/\/www.psychologies.be\/fr\/wp-json\/wp\/v2\/posts"}],"about":[{"href":"https:\/\/www.psychologies.be\/fr\/wp-json\/wp\/v2\/types\/post"}],"author":[{"embeddable":true,"href":"https:\/\/www.psychologies.be\/fr\/wp-json\/wp\/v2\/users\/4"}],"replies":[{"embeddable":true,"href":"https:\/\/www.psychologies.be\/fr\/wp-json\/wp\/v2\/comments?post=2018"}],"version-history":[{"count":1,"href":"https:\/\/www.psychologies.be\/fr\/wp-json\/wp\/v2\/posts\/2018\/revisions"}],"predecessor-version":[{"id":13882,"href":"https:\/\/www.psychologies.be\/fr\/wp-json\/wp\/v2\/posts\/2018\/revisions\/13882"}],"wp:featuredmedia":[{"embeddable":true,"href":"https:\/\/www.psychologies.be\/fr\/wp-json\/wp\/v2\/media\/2019"}],"wp:attachment":[{"href":"https:\/\/www.psychologies.be\/fr\/wp-json\/wp\/v2\/media?parent=2018"}],"wp:term":[{"taxonomy":"category","embeddable":true,"href":"https:\/\/www.psychologies.be\/fr\/wp-json\/wp\/v2\/categories?post=2018"},{"taxonomy":"post_tag","embeddable":true,"href":"https:\/\/www.psychologies.be\/fr\/wp-json\/wp\/v2\/tags?post=2018"}],"curies":[{"name":"wp","href":"https:\/\/api.w.org\/{rel}","templated":true}]}}