{"id":2533,"date":"2016-10-07T10:23:32","date_gmt":"2016-10-07T08:23:32","guid":{"rendered":"http:\/\/www.psychologies.be\/com\/?p=2533"},"modified":"2025-12-15T17:20:28","modified_gmt":"2025-12-15T16:20:28","slug":"7-realites-psychologiques-a-propos-de-la-depression","status":"publish","type":"post","link":"https:\/\/www.psychologies.be\/fr\/7-realites-psychologiques-a-propos-de-la-depression\/","title":{"rendered":"7 r\u00e9alit\u00e9s psychologiques \u00e0 propos de la d\u00e9pression"},"content":{"rendered":"","protected":false},"excerpt":{"rendered":"7\u00a0r\u00e9alit\u00e9s\u00a0psychologiques \u00e0 propos de la d\u00e9pression ont \u00e9t\u00e9 r\u00e9cemment publi\u00e9es dans la litt\u00e9rature scientifique\u00a0:\n1) Fantasmer sur l\u2019avenir augmentent les sympt\u00f4mes d\u00e9pressifs dans le futur,\n2) Une d\u00e9pression persistante peut endommager certaines parties du cerveau,\n3) Les jeunes adultes passant beaucoup de temps sur les r\u00e9seaux sociaux sont plus susceptibles d\u2019\u00eatre d\u00e9prim\u00e9s,\n4) L\u2019addiction \u00e0 la technologie mobile est li\u00e9e \u00e0 la d\u00e9pression,\n5) Les jeunes qui rejoignent un gang sont plus sensibles \u00e0 la d\u00e9pression et au suicide,\n6) Les interactions sociales en face \u00e0 face prot\u00e8gent contre la d\u00e9pression\net 7) Combin\u00e9e \u00e0 d\u2019autres facteurs de risque, la d\u00e9pression peut augmenter le diab\u00e8te de type 2.","protected":false},"author":4,"featured_media":2543,"comment_status":"open","ping_status":"closed","sticky":false,"template":"","format":"standard","meta":{"_acf_changed":false,"footnotes":""},"categories":[474],"tags":[],"class_list":["post-2533","post","type-post","status-publish","format-standard","has-post-thumbnail","hentry","category-sante"],"acf":[],"_yoast_wpseo_metadesc":"7 r\u00e9alit\u00e9s psychologiques \u00e0 propos de la d\u00e9pression ont \u00e9t\u00e9 r\u00e9cemment publi\u00e9es dans la litt\u00e9rature scientifique","_yoast_wpseo_title":"7 r\u00e9alit\u00e9s psychologiques \u00e0 partir de la d\u00e9pression","yoast_head":"<!-- This site is optimized with the Yoast SEO plugin v27.3 - https:\/\/yoast.com\/product\/yoast-seo-wordpress\/ -->\n<title>7 r\u00e9alit\u00e9s psychologiques \u00e0 partir de la d\u00e9pression<\/title>\n<meta name=\"description\" content=\"7 r\u00e9alit\u00e9s psychologiques \u00e0 propos de la d\u00e9pression ont \u00e9t\u00e9 r\u00e9cemment publi\u00e9es dans la litt\u00e9rature scientifique\" \/>\n<meta name=\"robots\" content=\"index, follow, max-snippet:-1, max-image-preview:large, max-video-preview:-1\" \/>\n<link rel=\"canonical\" href=\"https:\/\/www.psychologies.be\/fr\/7-realites-psychologiques-a-propos-de-la-depression\/\" \/>\n<meta property=\"og:locale\" content=\"fr_FR\" \/>\n<meta property=\"og:type\" content=\"article\" \/>\n<meta property=\"og:title\" content=\"7 r\u00e9alit\u00e9s psychologiques \u00e0 partir de la d\u00e9pression\" \/>\n<meta property=\"og:description\" content=\"7 r\u00e9alit\u00e9s psychologiques \u00e0 propos de la d\u00e9pression ont \u00e9t\u00e9 r\u00e9cemment publi\u00e9es dans la litt\u00e9rature scientifique\" \/>\n<meta property=\"og:url\" content=\"https:\/\/www.psychologies.be\/fr\/7-realites-psychologiques-a-propos-de-la-depression\/\" \/>\n<meta property=\"og:site_name\" content=\"Psychologies Belgique\" \/>\n<meta property=\"article:publisher\" content=\"https:\/\/www.facebook.com\/Psychologies\" \/>\n<meta property=\"article:published_time\" content=\"2016-10-07T08:23:32+00:00\" \/>\n<meta property=\"article:modified_time\" content=\"2025-12-15T16:20:28+00:00\" \/>\n<meta property=\"og:image\" content=\"https:\/\/www.psychologies.be\/fr\/wp-content\/uploads\/2016\/10\/depression-word.jpg\" \/>\n\t<meta property=\"og:image:width\" content=\"647\" \/>\n\t<meta property=\"og:image:height\" content=\"289\" \/>\n\t<meta property=\"og:image:type\" content=\"image\/jpeg\" \/>\n<meta name=\"author\" content=\"Christiane Thiry\" \/>\n<meta name=\"twitter:card\" content=\"summary_large_image\" \/>\n<meta name=\"twitter:label1\" content=\"\u00c9crit par\" \/>\n\t<meta name=\"twitter:data1\" content=\"Christiane Thiry\" \/>\n\t<meta name=\"twitter:label2\" content=\"Dur\u00e9e de lecture estim\u00e9e\" \/>\n\t<meta name=\"twitter:data2\" content=\"1 minute\" \/>\n<script type=\"application\/ld+json\" class=\"yoast-schema-graph\">{\"@context\":\"https:\\\/\\\/schema.org\",\"@graph\":[{\"@type\":\"Article\",\"@id\":\"https:\\\/\\\/www.psychologies.be\\\/fr\\\/7-realites-psychologiques-a-propos-de-la-depression\\\/#article\",\"isPartOf\":{\"@id\":\"https:\\\/\\\/www.psychologies.be\\\/fr\\\/7-realites-psychologiques-a-propos-de-la-depression\\\/\"},\"author\":{\"name\":\"Christiane Thiry\",\"@id\":\"https:\\\/\\\/www.psychologies.be\\\/fr\\\/#\\\/schema\\\/person\\\/d777894ee732d5873a76450a3f5ceca5\"},\"headline\":\"7 r\u00e9alit\u00e9s psychologiques \u00e0 propos de la d\u00e9pression\",\"datePublished\":\"2016-10-07T08:23:32+00:00\",\"dateModified\":\"2025-12-15T16:20:28+00:00\",\"mainEntityOfPage\":{\"@id\":\"https:\\\/\\\/www.psychologies.be\\\/fr\\\/7-realites-psychologiques-a-propos-de-la-depression\\\/\"},\"wordCount\":131,\"commentCount\":0,\"publisher\":{\"@id\":\"https:\\\/\\\/www.psychologies.be\\\/fr\\\/#organization\"},\"image\":{\"@id\":\"https:\\\/\\\/www.psychologies.be\\\/fr\\\/7-realites-psychologiques-a-propos-de-la-depression\\\/#primaryimage\"},\"thumbnailUrl\":\"https:\\\/\\\/www.psychologies.be\\\/fr\\\/wp-content\\\/uploads\\\/2016\\\/10\\\/depression-word.jpg\",\"articleSection\":[\"Sant\u00e9\"],\"inLanguage\":\"fr-FR\",\"potentialAction\":[{\"@type\":\"CommentAction\",\"name\":\"Comment\",\"target\":[\"https:\\\/\\\/www.psychologies.be\\\/fr\\\/7-realites-psychologiques-a-propos-de-la-depression\\\/#respond\"]}]},{\"@type\":\"WebPage\",\"@id\":\"https:\\\/\\\/www.psychologies.be\\\/fr\\\/7-realites-psychologiques-a-propos-de-la-depression\\\/\",\"url\":\"https:\\\/\\\/www.psychologies.be\\\/fr\\\/7-realites-psychologiques-a-propos-de-la-depression\\\/\",\"name\":\"7 r\u00e9alit\u00e9s psychologiques \u00e0 partir de la d\u00e9pression\",\"isPartOf\":{\"@id\":\"https:\\\/\\\/www.psychologies.be\\\/fr\\\/#website\"},\"primaryImageOfPage\":{\"@id\":\"https:\\\/\\\/www.psychologies.be\\\/fr\\\/7-realites-psychologiques-a-propos-de-la-depression\\\/#primaryimage\"},\"image\":{\"@id\":\"https:\\\/\\\/www.psychologies.be\\\/fr\\\/7-realites-psychologiques-a-propos-de-la-depression\\\/#primaryimage\"},\"thumbnailUrl\":\"https:\\\/\\\/www.psychologies.be\\\/fr\\\/wp-content\\\/uploads\\\/2016\\\/10\\\/depression-word.jpg\",\"datePublished\":\"2016-10-07T08:23:32+00:00\",\"dateModified\":\"2025-12-15T16:20:28+00:00\",\"description\":\"7 r\u00e9alit\u00e9s psychologiques \u00e0 propos de la d\u00e9pression ont \u00e9t\u00e9 r\u00e9cemment publi\u00e9es dans la litt\u00e9rature scientifique\",\"breadcrumb\":{\"@id\":\"https:\\\/\\\/www.psychologies.be\\\/fr\\\/7-realites-psychologiques-a-propos-de-la-depression\\\/#breadcrumb\"},\"inLanguage\":\"fr-FR\",\"potentialAction\":[{\"@type\":\"ReadAction\",\"target\":[\"https:\\\/\\\/www.psychologies.be\\\/fr\\\/7-realites-psychologiques-a-propos-de-la-depression\\\/\"]}]},{\"@type\":\"ImageObject\",\"inLanguage\":\"fr-FR\",\"@id\":\"https:\\\/\\\/www.psychologies.be\\\/fr\\\/7-realites-psychologiques-a-propos-de-la-depression\\\/#primaryimage\",\"url\":\"https:\\\/\\\/www.psychologies.be\\\/fr\\\/wp-content\\\/uploads\\\/2016\\\/10\\\/depression-word.jpg\",\"contentUrl\":\"https:\\\/\\\/www.psychologies.be\\\/fr\\\/wp-content\\\/uploads\\\/2016\\\/10\\\/depression-word.jpg\",\"width\":647,\"height\":289},{\"@type\":\"BreadcrumbList\",\"@id\":\"https:\\\/\\\/www.psychologies.be\\\/fr\\\/7-realites-psychologiques-a-propos-de-la-depression\\\/#breadcrumb\",\"itemListElement\":[{\"@type\":\"ListItem\",\"position\":1,\"name\":\"Home\",\"item\":\"https:\\\/\\\/www.psychologies.be\\\/fr\\\/\"},{\"@type\":\"ListItem\",\"position\":2,\"name\":\"Sant\u00e9\",\"item\":\"https:\\\/\\\/www.psychologies.be\\\/fr\\\/sante\\\/\"},{\"@type\":\"ListItem\",\"position\":3,\"name\":\"7 r\u00e9alit\u00e9s psychologiques \u00e0 propos de la d\u00e9pression\"}]},{\"@type\":\"WebSite\",\"@id\":\"https:\\\/\\\/www.psychologies.be\\\/fr\\\/#website\",\"url\":\"https:\\\/\\\/www.psychologies.be\\\/fr\\\/\",\"name\":\"Psychologies Belgique\",\"description\":\"Psychologie, mieux se conna\u00eetre pour mieux vivre sa vie\",\"publisher\":{\"@id\":\"https:\\\/\\\/www.psychologies.be\\\/fr\\\/#organization\"},\"potentialAction\":[{\"@type\":\"SearchAction\",\"target\":{\"@type\":\"EntryPoint\",\"urlTemplate\":\"https:\\\/\\\/www.psychologies.be\\\/fr\\\/?s={search_term_string}\"},\"query-input\":{\"@type\":\"PropertyValueSpecification\",\"valueRequired\":true,\"valueName\":\"search_term_string\"}}],\"inLanguage\":\"fr-FR\"},{\"@type\":\"Organization\",\"@id\":\"https:\\\/\\\/www.psychologies.be\\\/fr\\\/#organization\",\"name\":\"Psychologies Belgique\",\"url\":\"https:\\\/\\\/www.psychologies.be\\\/fr\\\/\",\"logo\":{\"@type\":\"ImageObject\",\"inLanguage\":\"fr-FR\",\"@id\":\"https:\\\/\\\/www.psychologies.be\\\/fr\\\/#\\\/schema\\\/logo\\\/image\\\/\",\"url\":\"https:\\\/\\\/www.psychologies.be\\\/fr\\\/wp-content\\\/uploads\\\/2025\\\/03\\\/psychologies-be.png\",\"contentUrl\":\"https:\\\/\\\/www.psychologies.be\\\/fr\\\/wp-content\\\/uploads\\\/2025\\\/03\\\/psychologies-be.png\",\"width\":696,\"height\":696,\"caption\":\"Psychologies Belgique\"},\"image\":{\"@id\":\"https:\\\/\\\/www.psychologies.be\\\/fr\\\/#\\\/schema\\\/logo\\\/image\\\/\"},\"sameAs\":[\"https:\\\/\\\/www.facebook.com\\\/Psychologies\"]},{\"@type\":\"Person\",\"@id\":\"https:\\\/\\\/www.psychologies.be\\\/fr\\\/#\\\/schema\\\/person\\\/d777894ee732d5873a76450a3f5ceca5\",\"name\":\"Christiane Thiry\",\"url\":\"https:\\\/\\\/www.psychologies.be\\\/fr\\\/author\\\/christiane\\\/\"}]}<\/script>\n<!-- \/ Yoast SEO plugin. -->","yoast_head_json":{"title":"7 r\u00e9alit\u00e9s psychologiques \u00e0 partir de la d\u00e9pression","description":"7 r\u00e9alit\u00e9s psychologiques \u00e0 propos de la d\u00e9pression ont \u00e9t\u00e9 r\u00e9cemment publi\u00e9es dans la litt\u00e9rature scientifique","robots":{"index":"index","follow":"follow","max-snippet":"max-snippet:-1","max-image-preview":"max-image-preview:large","max-video-preview":"max-video-preview:-1"},"canonical":"https:\/\/www.psychologies.be\/fr\/7-realites-psychologiques-a-propos-de-la-depression\/","og_locale":"fr_FR","og_type":"article","og_title":"7 r\u00e9alit\u00e9s psychologiques \u00e0 partir de la d\u00e9pression","og_description":"7 r\u00e9alit\u00e9s psychologiques \u00e0 propos de la d\u00e9pression ont \u00e9t\u00e9 r\u00e9cemment publi\u00e9es dans la litt\u00e9rature scientifique","og_url":"https:\/\/www.psychologies.be\/fr\/7-realites-psychologiques-a-propos-de-la-depression\/","og_site_name":"Psychologies Belgique","article_publisher":"https:\/\/www.facebook.com\/Psychologies","article_published_time":"2016-10-07T08:23:32+00:00","article_modified_time":"2025-12-15T16:20:28+00:00","og_image":[{"width":647,"height":289,"url":"https:\/\/www.psychologies.be\/fr\/wp-content\/uploads\/2016\/10\/depression-word.jpg","type":"image\/jpeg"}],"author":"Christiane Thiry","twitter_card":"summary_large_image","twitter_misc":{"\u00c9crit par":"Christiane Thiry","Dur\u00e9e de lecture estim\u00e9e":"1 minute"},"schema":{"@context":"https:\/\/schema.org","@graph":[{"@type":"Article","@id":"https:\/\/www.psychologies.be\/fr\/7-realites-psychologiques-a-propos-de-la-depression\/#article","isPartOf":{"@id":"https:\/\/www.psychologies.be\/fr\/7-realites-psychologiques-a-propos-de-la-depression\/"},"author":{"name":"Christiane Thiry","@id":"https:\/\/www.psychologies.be\/fr\/#\/schema\/person\/d777894ee732d5873a76450a3f5ceca5"},"headline":"7 r\u00e9alit\u00e9s psychologiques \u00e0 propos de la d\u00e9pression","datePublished":"2016-10-07T08:23:32+00:00","dateModified":"2025-12-15T16:20:28+00:00","mainEntityOfPage":{"@id":"https:\/\/www.psychologies.be\/fr\/7-realites-psychologiques-a-propos-de-la-depression\/"},"wordCount":131,"commentCount":0,"publisher":{"@id":"https:\/\/www.psychologies.be\/fr\/#organization"},"image":{"@id":"https:\/\/www.psychologies.be\/fr\/7-realites-psychologiques-a-propos-de-la-depression\/#primaryimage"},"thumbnailUrl":"https:\/\/www.psychologies.be\/fr\/wp-content\/uploads\/2016\/10\/depression-word.jpg","articleSection":["Sant\u00e9"],"inLanguage":"fr-FR","potentialAction":[{"@type":"CommentAction","name":"Comment","target":["https:\/\/www.psychologies.be\/fr\/7-realites-psychologiques-a-propos-de-la-depression\/#respond"]}]},{"@type":"WebPage","@id":"https:\/\/www.psychologies.be\/fr\/7-realites-psychologiques-a-propos-de-la-depression\/","url":"https:\/\/www.psychologies.be\/fr\/7-realites-psychologiques-a-propos-de-la-depression\/","name":"7 r\u00e9alit\u00e9s psychologiques \u00e0 partir de la d\u00e9pression","isPartOf":{"@id":"https:\/\/www.psychologies.be\/fr\/#website"},"primaryImageOfPage":{"@id":"https:\/\/www.psychologies.be\/fr\/7-realites-psychologiques-a-propos-de-la-depression\/#primaryimage"},"image":{"@id":"https:\/\/www.psychologies.be\/fr\/7-realites-psychologiques-a-propos-de-la-depression\/#primaryimage"},"thumbnailUrl":"https:\/\/www.psychologies.be\/fr\/wp-content\/uploads\/2016\/10\/depression-word.jpg","datePublished":"2016-10-07T08:23:32+00:00","dateModified":"2025-12-15T16:20:28+00:00","description":"7 r\u00e9alit\u00e9s psychologiques \u00e0 propos de la d\u00e9pression ont \u00e9t\u00e9 r\u00e9cemment publi\u00e9es dans la litt\u00e9rature scientifique","breadcrumb":{"@id":"https:\/\/www.psychologies.be\/fr\/7-realites-psychologiques-a-propos-de-la-depression\/#breadcrumb"},"inLanguage":"fr-FR","potentialAction":[{"@type":"ReadAction","target":["https:\/\/www.psychologies.be\/fr\/7-realites-psychologiques-a-propos-de-la-depression\/"]}]},{"@type":"ImageObject","inLanguage":"fr-FR","@id":"https:\/\/www.psychologies.be\/fr\/7-realites-psychologiques-a-propos-de-la-depression\/#primaryimage","url":"https:\/\/www.psychologies.be\/fr\/wp-content\/uploads\/2016\/10\/depression-word.jpg","contentUrl":"https:\/\/www.psychologies.be\/fr\/wp-content\/uploads\/2016\/10\/depression-word.jpg","width":647,"height":289},{"@type":"BreadcrumbList","@id":"https:\/\/www.psychologies.be\/fr\/7-realites-psychologiques-a-propos-de-la-depression\/#breadcrumb","itemListElement":[{"@type":"ListItem","position":1,"name":"Home","item":"https:\/\/www.psychologies.be\/fr\/"},{"@type":"ListItem","position":2,"name":"Sant\u00e9","item":"https:\/\/www.psychologies.be\/fr\/sante\/"},{"@type":"ListItem","position":3,"name":"7 r\u00e9alit\u00e9s psychologiques \u00e0 propos de la d\u00e9pression"}]},{"@type":"WebSite","@id":"https:\/\/www.psychologies.be\/fr\/#website","url":"https:\/\/www.psychologies.be\/fr\/","name":"Psychologies Belgique","description":"Psychologie, mieux se conna\u00eetre pour mieux vivre sa vie","publisher":{"@id":"https:\/\/www.psychologies.be\/fr\/#organization"},"potentialAction":[{"@type":"SearchAction","target":{"@type":"EntryPoint","urlTemplate":"https:\/\/www.psychologies.be\/fr\/?s={search_term_string}"},"query-input":{"@type":"PropertyValueSpecification","valueRequired":true,"valueName":"search_term_string"}}],"inLanguage":"fr-FR"},{"@type":"Organization","@id":"https:\/\/www.psychologies.be\/fr\/#organization","name":"Psychologies Belgique","url":"https:\/\/www.psychologies.be\/fr\/","logo":{"@type":"ImageObject","inLanguage":"fr-FR","@id":"https:\/\/www.psychologies.be\/fr\/#\/schema\/logo\/image\/","url":"https:\/\/www.psychologies.be\/fr\/wp-content\/uploads\/2025\/03\/psychologies-be.png","contentUrl":"https:\/\/www.psychologies.be\/fr\/wp-content\/uploads\/2025\/03\/psychologies-be.png","width":696,"height":696,"caption":"Psychologies Belgique"},"image":{"@id":"https:\/\/www.psychologies.be\/fr\/#\/schema\/logo\/image\/"},"sameAs":["https:\/\/www.facebook.com\/Psychologies"]},{"@type":"Person","@id":"https:\/\/www.psychologies.be\/fr\/#\/schema\/person\/d777894ee732d5873a76450a3f5ceca5","name":"Christiane Thiry","url":"https:\/\/www.psychologies.be\/fr\/author\/christiane\/"}]}},"_links":{"self":[{"href":"https:\/\/www.psychologies.be\/fr\/wp-json\/wp\/v2\/posts\/2533","targetHints":{"allow":["GET"]}}],"collection":[{"href":"https:\/\/www.psychologies.be\/fr\/wp-json\/wp\/v2\/posts"}],"about":[{"href":"https:\/\/www.psychologies.be\/fr\/wp-json\/wp\/v2\/types\/post"}],"author":[{"embeddable":true,"href":"https:\/\/www.psychologies.be\/fr\/wp-json\/wp\/v2\/users\/4"}],"replies":[{"embeddable":true,"href":"https:\/\/www.psychologies.be\/fr\/wp-json\/wp\/v2\/comments?post=2533"}],"version-history":[{"count":1,"href":"https:\/\/www.psychologies.be\/fr\/wp-json\/wp\/v2\/posts\/2533\/revisions"}],"predecessor-version":[{"id":13820,"href":"https:\/\/www.psychologies.be\/fr\/wp-json\/wp\/v2\/posts\/2533\/revisions\/13820"}],"wp:featuredmedia":[{"embeddable":true,"href":"https:\/\/www.psychologies.be\/fr\/wp-json\/wp\/v2\/media\/2543"}],"wp:attachment":[{"href":"https:\/\/www.psychologies.be\/fr\/wp-json\/wp\/v2\/media?parent=2533"}],"wp:term":[{"taxonomy":"category","embeddable":true,"href":"https:\/\/www.psychologies.be\/fr\/wp-json\/wp\/v2\/categories?post=2533"},{"taxonomy":"post_tag","embeddable":true,"href":"https:\/\/www.psychologies.be\/fr\/wp-json\/wp\/v2\/tags?post=2533"}],"curies":[{"name":"wp","href":"https:\/\/api.w.org\/{rel}","templated":true}]}}