{"id":2878,"date":"2016-10-19T17:10:59","date_gmt":"2016-10-19T15:10:59","guid":{"rendered":"http:\/\/www.psychologies.be\/com\/?p=2878"},"modified":"2025-12-15T17:10:16","modified_gmt":"2025-12-15T16:10:16","slug":"urgences-scande-le-festival-des-libertes","status":"publish","type":"post","link":"https:\/\/www.psychologies.be\/fr\/urgences-scande-le-festival-des-libertes\/","title":{"rendered":"Urgences! scande le festival des Libert\u00e9s"},"content":{"rendered":"","protected":false},"excerpt":{"rendered":"L\u2019\u00e9tat d\u2019urgence s\u00e9curitaire surplombant l\u2019actualit\u00e9, le Festival des Libert\u00e9s invite \u00e0 d\u00e9cortiquer les logiques de l\u2019urgence, ses justifications, ses effets et ses impasses.","protected":false},"author":4,"featured_media":2879,"comment_status":"open","ping_status":"closed","sticky":false,"template":"","format":"standard","meta":{"_acf_changed":false,"footnotes":""},"categories":[475],"tags":[],"class_list":["post-2878","post","type-post","status-publish","format-standard","has-post-thumbnail","hentry","category-bien-etre"],"acf":[],"_yoast_wpseo_metadesc":"L\u2019\u00e9tat d\u2019urgence s\u00e9curitaire surplombant l\u2019actualit\u00e9, le Festival des Libert\u00e9s invite \u00e0 d\u00e9cortiquer les logiques de l\u2019urgence","_yoast_wpseo_title":"Festival des libert\u00e9s","yoast_head":"<!-- This site is optimized with the Yoast SEO plugin v27.3 - https:\/\/yoast.com\/product\/yoast-seo-wordpress\/ -->\n<title>Festival des libert\u00e9s<\/title>\n<meta name=\"description\" content=\"L\u2019\u00e9tat d\u2019urgence s\u00e9curitaire surplombant l\u2019actualit\u00e9, le Festival des Libert\u00e9s invite \u00e0 d\u00e9cortiquer les logiques de l\u2019urgence\" \/>\n<meta name=\"robots\" content=\"index, follow, max-snippet:-1, max-image-preview:large, max-video-preview:-1\" \/>\n<link rel=\"canonical\" href=\"https:\/\/www.psychologies.be\/fr\/urgences-scande-le-festival-des-libertes\/\" \/>\n<meta property=\"og:locale\" content=\"fr_FR\" \/>\n<meta property=\"og:type\" content=\"article\" \/>\n<meta property=\"og:title\" content=\"Festival des libert\u00e9s\" \/>\n<meta property=\"og:description\" content=\"L\u2019\u00e9tat d\u2019urgence s\u00e9curitaire surplombant l\u2019actualit\u00e9, le Festival des Libert\u00e9s invite \u00e0 d\u00e9cortiquer les logiques de l\u2019urgence\" \/>\n<meta property=\"og:url\" content=\"https:\/\/www.psychologies.be\/fr\/urgences-scande-le-festival-des-libertes\/\" \/>\n<meta property=\"og:site_name\" content=\"Psychologies Belgique\" \/>\n<meta property=\"article:publisher\" content=\"https:\/\/www.facebook.com\/Psychologies\" \/>\n<meta property=\"article:published_time\" content=\"2016-10-19T15:10:59+00:00\" \/>\n<meta property=\"article:modified_time\" content=\"2025-12-15T16:10:16+00:00\" \/>\n<meta property=\"og:image\" content=\"https:\/\/www.psychologies.be\/fr\/wp-content\/uploads\/2016\/10\/festival-libertes.jpg\" \/>\n\t<meta property=\"og:image:width\" content=\"647\" \/>\n\t<meta property=\"og:image:height\" content=\"289\" \/>\n\t<meta property=\"og:image:type\" content=\"image\/jpeg\" \/>\n<meta name=\"author\" content=\"Christiane Thiry\" \/>\n<meta name=\"twitter:card\" content=\"summary_large_image\" \/>\n<meta name=\"twitter:label1\" content=\"\u00c9crit par\" \/>\n\t<meta name=\"twitter:data1\" content=\"Christiane Thiry\" \/>\n\t<meta name=\"twitter:label2\" content=\"Dur\u00e9e de lecture estim\u00e9e\" \/>\n\t<meta name=\"twitter:data2\" content=\"2 minutes\" \/>\n<script type=\"application\/ld+json\" class=\"yoast-schema-graph\">{\"@context\":\"https:\\\/\\\/schema.org\",\"@graph\":[{\"@type\":\"Article\",\"@id\":\"https:\\\/\\\/www.psychologies.be\\\/fr\\\/urgences-scande-le-festival-des-libertes\\\/#article\",\"isPartOf\":{\"@id\":\"https:\\\/\\\/www.psychologies.be\\\/fr\\\/urgences-scande-le-festival-des-libertes\\\/\"},\"author\":{\"name\":\"Christiane Thiry\",\"@id\":\"https:\\\/\\\/www.psychologies.be\\\/fr\\\/#\\\/schema\\\/person\\\/d777894ee732d5873a76450a3f5ceca5\"},\"headline\":\"Urgences! scande le festival des Libert\u00e9s\",\"datePublished\":\"2016-10-19T15:10:59+00:00\",\"dateModified\":\"2025-12-15T16:10:16+00:00\",\"mainEntityOfPage\":{\"@id\":\"https:\\\/\\\/www.psychologies.be\\\/fr\\\/urgences-scande-le-festival-des-libertes\\\/\"},\"wordCount\":215,\"commentCount\":0,\"publisher\":{\"@id\":\"https:\\\/\\\/www.psychologies.be\\\/fr\\\/#organization\"},\"image\":{\"@id\":\"https:\\\/\\\/www.psychologies.be\\\/fr\\\/urgences-scande-le-festival-des-libertes\\\/#primaryimage\"},\"thumbnailUrl\":\"https:\\\/\\\/www.psychologies.be\\\/fr\\\/wp-content\\\/uploads\\\/2016\\\/10\\\/festival-libertes.jpg\",\"articleSection\":[\"Bien-\u00eatre\"],\"inLanguage\":\"fr-FR\",\"potentialAction\":[{\"@type\":\"CommentAction\",\"name\":\"Comment\",\"target\":[\"https:\\\/\\\/www.psychologies.be\\\/fr\\\/urgences-scande-le-festival-des-libertes\\\/#respond\"]}]},{\"@type\":\"WebPage\",\"@id\":\"https:\\\/\\\/www.psychologies.be\\\/fr\\\/urgences-scande-le-festival-des-libertes\\\/\",\"url\":\"https:\\\/\\\/www.psychologies.be\\\/fr\\\/urgences-scande-le-festival-des-libertes\\\/\",\"name\":\"Festival des libert\u00e9s\",\"isPartOf\":{\"@id\":\"https:\\\/\\\/www.psychologies.be\\\/fr\\\/#website\"},\"primaryImageOfPage\":{\"@id\":\"https:\\\/\\\/www.psychologies.be\\\/fr\\\/urgences-scande-le-festival-des-libertes\\\/#primaryimage\"},\"image\":{\"@id\":\"https:\\\/\\\/www.psychologies.be\\\/fr\\\/urgences-scande-le-festival-des-libertes\\\/#primaryimage\"},\"thumbnailUrl\":\"https:\\\/\\\/www.psychologies.be\\\/fr\\\/wp-content\\\/uploads\\\/2016\\\/10\\\/festival-libertes.jpg\",\"datePublished\":\"2016-10-19T15:10:59+00:00\",\"dateModified\":\"2025-12-15T16:10:16+00:00\",\"description\":\"L\u2019\u00e9tat d\u2019urgence s\u00e9curitaire surplombant l\u2019actualit\u00e9, le Festival des Libert\u00e9s invite \u00e0 d\u00e9cortiquer les logiques de l\u2019urgence\",\"breadcrumb\":{\"@id\":\"https:\\\/\\\/www.psychologies.be\\\/fr\\\/urgences-scande-le-festival-des-libertes\\\/#breadcrumb\"},\"inLanguage\":\"fr-FR\",\"potentialAction\":[{\"@type\":\"ReadAction\",\"target\":[\"https:\\\/\\\/www.psychologies.be\\\/fr\\\/urgences-scande-le-festival-des-libertes\\\/\"]}]},{\"@type\":\"ImageObject\",\"inLanguage\":\"fr-FR\",\"@id\":\"https:\\\/\\\/www.psychologies.be\\\/fr\\\/urgences-scande-le-festival-des-libertes\\\/#primaryimage\",\"url\":\"https:\\\/\\\/www.psychologies.be\\\/fr\\\/wp-content\\\/uploads\\\/2016\\\/10\\\/festival-libertes.jpg\",\"contentUrl\":\"https:\\\/\\\/www.psychologies.be\\\/fr\\\/wp-content\\\/uploads\\\/2016\\\/10\\\/festival-libertes.jpg\",\"width\":647,\"height\":289},{\"@type\":\"BreadcrumbList\",\"@id\":\"https:\\\/\\\/www.psychologies.be\\\/fr\\\/urgences-scande-le-festival-des-libertes\\\/#breadcrumb\",\"itemListElement\":[{\"@type\":\"ListItem\",\"position\":1,\"name\":\"Home\",\"item\":\"https:\\\/\\\/www.psychologies.be\\\/fr\\\/\"},{\"@type\":\"ListItem\",\"position\":2,\"name\":\"Bien-\u00eatre\",\"item\":\"https:\\\/\\\/www.psychologies.be\\\/fr\\\/bien-etre\\\/\"},{\"@type\":\"ListItem\",\"position\":3,\"name\":\"Urgences! scande le festival des Libert\u00e9s\"}]},{\"@type\":\"WebSite\",\"@id\":\"https:\\\/\\\/www.psychologies.be\\\/fr\\\/#website\",\"url\":\"https:\\\/\\\/www.psychologies.be\\\/fr\\\/\",\"name\":\"Psychologies Belgique\",\"description\":\"Psychologie, mieux se conna\u00eetre pour mieux vivre sa vie\",\"publisher\":{\"@id\":\"https:\\\/\\\/www.psychologies.be\\\/fr\\\/#organization\"},\"potentialAction\":[{\"@type\":\"SearchAction\",\"target\":{\"@type\":\"EntryPoint\",\"urlTemplate\":\"https:\\\/\\\/www.psychologies.be\\\/fr\\\/?s={search_term_string}\"},\"query-input\":{\"@type\":\"PropertyValueSpecification\",\"valueRequired\":true,\"valueName\":\"search_term_string\"}}],\"inLanguage\":\"fr-FR\"},{\"@type\":\"Organization\",\"@id\":\"https:\\\/\\\/www.psychologies.be\\\/fr\\\/#organization\",\"name\":\"Psychologies Belgique\",\"url\":\"https:\\\/\\\/www.psychologies.be\\\/fr\\\/\",\"logo\":{\"@type\":\"ImageObject\",\"inLanguage\":\"fr-FR\",\"@id\":\"https:\\\/\\\/www.psychologies.be\\\/fr\\\/#\\\/schema\\\/logo\\\/image\\\/\",\"url\":\"https:\\\/\\\/www.psychologies.be\\\/fr\\\/wp-content\\\/uploads\\\/2025\\\/03\\\/psychologies-be.png\",\"contentUrl\":\"https:\\\/\\\/www.psychologies.be\\\/fr\\\/wp-content\\\/uploads\\\/2025\\\/03\\\/psychologies-be.png\",\"width\":696,\"height\":696,\"caption\":\"Psychologies Belgique\"},\"image\":{\"@id\":\"https:\\\/\\\/www.psychologies.be\\\/fr\\\/#\\\/schema\\\/logo\\\/image\\\/\"},\"sameAs\":[\"https:\\\/\\\/www.facebook.com\\\/Psychologies\"]},{\"@type\":\"Person\",\"@id\":\"https:\\\/\\\/www.psychologies.be\\\/fr\\\/#\\\/schema\\\/person\\\/d777894ee732d5873a76450a3f5ceca5\",\"name\":\"Christiane Thiry\",\"url\":\"https:\\\/\\\/www.psychologies.be\\\/fr\\\/author\\\/christiane\\\/\"}]}<\/script>\n<!-- \/ Yoast SEO plugin. -->","yoast_head_json":{"title":"Festival des libert\u00e9s","description":"L\u2019\u00e9tat d\u2019urgence s\u00e9curitaire surplombant l\u2019actualit\u00e9, le Festival des Libert\u00e9s invite \u00e0 d\u00e9cortiquer les logiques de l\u2019urgence","robots":{"index":"index","follow":"follow","max-snippet":"max-snippet:-1","max-image-preview":"max-image-preview:large","max-video-preview":"max-video-preview:-1"},"canonical":"https:\/\/www.psychologies.be\/fr\/urgences-scande-le-festival-des-libertes\/","og_locale":"fr_FR","og_type":"article","og_title":"Festival des libert\u00e9s","og_description":"L\u2019\u00e9tat d\u2019urgence s\u00e9curitaire surplombant l\u2019actualit\u00e9, le Festival des Libert\u00e9s invite \u00e0 d\u00e9cortiquer les logiques de l\u2019urgence","og_url":"https:\/\/www.psychologies.be\/fr\/urgences-scande-le-festival-des-libertes\/","og_site_name":"Psychologies Belgique","article_publisher":"https:\/\/www.facebook.com\/Psychologies","article_published_time":"2016-10-19T15:10:59+00:00","article_modified_time":"2025-12-15T16:10:16+00:00","og_image":[{"width":647,"height":289,"url":"https:\/\/www.psychologies.be\/fr\/wp-content\/uploads\/2016\/10\/festival-libertes.jpg","type":"image\/jpeg"}],"author":"Christiane Thiry","twitter_card":"summary_large_image","twitter_misc":{"\u00c9crit par":"Christiane Thiry","Dur\u00e9e de lecture estim\u00e9e":"2 minutes"},"schema":{"@context":"https:\/\/schema.org","@graph":[{"@type":"Article","@id":"https:\/\/www.psychologies.be\/fr\/urgences-scande-le-festival-des-libertes\/#article","isPartOf":{"@id":"https:\/\/www.psychologies.be\/fr\/urgences-scande-le-festival-des-libertes\/"},"author":{"name":"Christiane Thiry","@id":"https:\/\/www.psychologies.be\/fr\/#\/schema\/person\/d777894ee732d5873a76450a3f5ceca5"},"headline":"Urgences! scande le festival des Libert\u00e9s","datePublished":"2016-10-19T15:10:59+00:00","dateModified":"2025-12-15T16:10:16+00:00","mainEntityOfPage":{"@id":"https:\/\/www.psychologies.be\/fr\/urgences-scande-le-festival-des-libertes\/"},"wordCount":215,"commentCount":0,"publisher":{"@id":"https:\/\/www.psychologies.be\/fr\/#organization"},"image":{"@id":"https:\/\/www.psychologies.be\/fr\/urgences-scande-le-festival-des-libertes\/#primaryimage"},"thumbnailUrl":"https:\/\/www.psychologies.be\/fr\/wp-content\/uploads\/2016\/10\/festival-libertes.jpg","articleSection":["Bien-\u00eatre"],"inLanguage":"fr-FR","potentialAction":[{"@type":"CommentAction","name":"Comment","target":["https:\/\/www.psychologies.be\/fr\/urgences-scande-le-festival-des-libertes\/#respond"]}]},{"@type":"WebPage","@id":"https:\/\/www.psychologies.be\/fr\/urgences-scande-le-festival-des-libertes\/","url":"https:\/\/www.psychologies.be\/fr\/urgences-scande-le-festival-des-libertes\/","name":"Festival des libert\u00e9s","isPartOf":{"@id":"https:\/\/www.psychologies.be\/fr\/#website"},"primaryImageOfPage":{"@id":"https:\/\/www.psychologies.be\/fr\/urgences-scande-le-festival-des-libertes\/#primaryimage"},"image":{"@id":"https:\/\/www.psychologies.be\/fr\/urgences-scande-le-festival-des-libertes\/#primaryimage"},"thumbnailUrl":"https:\/\/www.psychologies.be\/fr\/wp-content\/uploads\/2016\/10\/festival-libertes.jpg","datePublished":"2016-10-19T15:10:59+00:00","dateModified":"2025-12-15T16:10:16+00:00","description":"L\u2019\u00e9tat d\u2019urgence s\u00e9curitaire surplombant l\u2019actualit\u00e9, le Festival des Libert\u00e9s invite \u00e0 d\u00e9cortiquer les logiques de l\u2019urgence","breadcrumb":{"@id":"https:\/\/www.psychologies.be\/fr\/urgences-scande-le-festival-des-libertes\/#breadcrumb"},"inLanguage":"fr-FR","potentialAction":[{"@type":"ReadAction","target":["https:\/\/www.psychologies.be\/fr\/urgences-scande-le-festival-des-libertes\/"]}]},{"@type":"ImageObject","inLanguage":"fr-FR","@id":"https:\/\/www.psychologies.be\/fr\/urgences-scande-le-festival-des-libertes\/#primaryimage","url":"https:\/\/www.psychologies.be\/fr\/wp-content\/uploads\/2016\/10\/festival-libertes.jpg","contentUrl":"https:\/\/www.psychologies.be\/fr\/wp-content\/uploads\/2016\/10\/festival-libertes.jpg","width":647,"height":289},{"@type":"BreadcrumbList","@id":"https:\/\/www.psychologies.be\/fr\/urgences-scande-le-festival-des-libertes\/#breadcrumb","itemListElement":[{"@type":"ListItem","position":1,"name":"Home","item":"https:\/\/www.psychologies.be\/fr\/"},{"@type":"ListItem","position":2,"name":"Bien-\u00eatre","item":"https:\/\/www.psychologies.be\/fr\/bien-etre\/"},{"@type":"ListItem","position":3,"name":"Urgences! scande le festival des Libert\u00e9s"}]},{"@type":"WebSite","@id":"https:\/\/www.psychologies.be\/fr\/#website","url":"https:\/\/www.psychologies.be\/fr\/","name":"Psychologies Belgique","description":"Psychologie, mieux se conna\u00eetre pour mieux vivre sa vie","publisher":{"@id":"https:\/\/www.psychologies.be\/fr\/#organization"},"potentialAction":[{"@type":"SearchAction","target":{"@type":"EntryPoint","urlTemplate":"https:\/\/www.psychologies.be\/fr\/?s={search_term_string}"},"query-input":{"@type":"PropertyValueSpecification","valueRequired":true,"valueName":"search_term_string"}}],"inLanguage":"fr-FR"},{"@type":"Organization","@id":"https:\/\/www.psychologies.be\/fr\/#organization","name":"Psychologies Belgique","url":"https:\/\/www.psychologies.be\/fr\/","logo":{"@type":"ImageObject","inLanguage":"fr-FR","@id":"https:\/\/www.psychologies.be\/fr\/#\/schema\/logo\/image\/","url":"https:\/\/www.psychologies.be\/fr\/wp-content\/uploads\/2025\/03\/psychologies-be.png","contentUrl":"https:\/\/www.psychologies.be\/fr\/wp-content\/uploads\/2025\/03\/psychologies-be.png","width":696,"height":696,"caption":"Psychologies Belgique"},"image":{"@id":"https:\/\/www.psychologies.be\/fr\/#\/schema\/logo\/image\/"},"sameAs":["https:\/\/www.facebook.com\/Psychologies"]},{"@type":"Person","@id":"https:\/\/www.psychologies.be\/fr\/#\/schema\/person\/d777894ee732d5873a76450a3f5ceca5","name":"Christiane Thiry","url":"https:\/\/www.psychologies.be\/fr\/author\/christiane\/"}]}},"_links":{"self":[{"href":"https:\/\/www.psychologies.be\/fr\/wp-json\/wp\/v2\/posts\/2878","targetHints":{"allow":["GET"]}}],"collection":[{"href":"https:\/\/www.psychologies.be\/fr\/wp-json\/wp\/v2\/posts"}],"about":[{"href":"https:\/\/www.psychologies.be\/fr\/wp-json\/wp\/v2\/types\/post"}],"author":[{"embeddable":true,"href":"https:\/\/www.psychologies.be\/fr\/wp-json\/wp\/v2\/users\/4"}],"replies":[{"embeddable":true,"href":"https:\/\/www.psychologies.be\/fr\/wp-json\/wp\/v2\/comments?post=2878"}],"version-history":[{"count":1,"href":"https:\/\/www.psychologies.be\/fr\/wp-json\/wp\/v2\/posts\/2878\/revisions"}],"predecessor-version":[{"id":13808,"href":"https:\/\/www.psychologies.be\/fr\/wp-json\/wp\/v2\/posts\/2878\/revisions\/13808"}],"wp:featuredmedia":[{"embeddable":true,"href":"https:\/\/www.psychologies.be\/fr\/wp-json\/wp\/v2\/media\/2879"}],"wp:attachment":[{"href":"https:\/\/www.psychologies.be\/fr\/wp-json\/wp\/v2\/media?parent=2878"}],"wp:term":[{"taxonomy":"category","embeddable":true,"href":"https:\/\/www.psychologies.be\/fr\/wp-json\/wp\/v2\/categories?post=2878"},{"taxonomy":"post_tag","embeddable":true,"href":"https:\/\/www.psychologies.be\/fr\/wp-json\/wp\/v2\/tags?post=2878"}],"curies":[{"name":"wp","href":"https:\/\/api.w.org\/{rel}","templated":true}]}}