{"id":2939,"date":"2016-11-02T17:31:17","date_gmt":"2016-11-02T16:31:17","guid":{"rendered":"http:\/\/www.psychologies.be\/com\/?p=2939"},"modified":"2025-12-15T17:04:12","modified_gmt":"2025-12-15T16:04:12","slug":"que-faire-avec-notre-fils-de-huit-ans-infernal-a-la-maison","status":"publish","type":"post","link":"https:\/\/www.psychologies.be\/fr\/que-faire-avec-notre-fils-de-huit-ans-infernal-a-la-maison\/","title":{"rendered":"Que faire avec notre fils de huit ans, infernal \u00e0 la maison?"},"content":{"rendered":"","protected":false},"excerpt":{"rendered":"Il se comporte comme un adolescent difficile, est rebelle \u00e0 tout, ne veut rien entendre de ce qu\u2019on lui demande. ...","protected":false},"author":4,"featured_media":2940,"comment_status":"open","ping_status":"closed","sticky":false,"template":"","format":"standard","meta":{"_acf_changed":false,"footnotes":""},"categories":[471],"tags":[],"class_list":["post-2939","post","type-post","status-publish","format-standard","has-post-thumbnail","hentry","category-famille"],"acf":[],"_yoast_wpseo_metadesc":"Il se comporte comme un adolescent difficile, est rebelle \u00e0 tout, ne veut rien entendre de ce qu\u2019on lui demande.","_yoast_wpseo_title":"Que faire avec notre fils de huit ans, infernal \u00e0 la maison?","yoast_head":"<!-- This site is optimized with the Yoast SEO plugin v27.3 - https:\/\/yoast.com\/product\/yoast-seo-wordpress\/ -->\n<title>Que faire avec notre fils de huit ans, infernal \u00e0 la maison?<\/title>\n<meta name=\"description\" content=\"Il se comporte comme un adolescent difficile, est rebelle \u00e0 tout, ne veut rien entendre de ce qu\u2019on lui demande.\" \/>\n<meta name=\"robots\" content=\"index, follow, max-snippet:-1, max-image-preview:large, max-video-preview:-1\" \/>\n<link rel=\"canonical\" href=\"https:\/\/www.psychologies.be\/fr\/que-faire-avec-notre-fils-de-huit-ans-infernal-a-la-maison\/\" \/>\n<meta property=\"og:locale\" content=\"fr_FR\" \/>\n<meta property=\"og:type\" content=\"article\" \/>\n<meta property=\"og:title\" content=\"Que faire avec notre fils de huit ans, infernal \u00e0 la maison?\" \/>\n<meta property=\"og:description\" content=\"Il se comporte comme un adolescent difficile, est rebelle \u00e0 tout, ne veut rien entendre de ce qu\u2019on lui demande.\" \/>\n<meta property=\"og:url\" content=\"https:\/\/www.psychologies.be\/fr\/que-faire-avec-notre-fils-de-huit-ans-infernal-a-la-maison\/\" \/>\n<meta property=\"og:site_name\" content=\"Psychologies Belgique\" \/>\n<meta property=\"article:publisher\" content=\"https:\/\/www.facebook.com\/Psychologies\" \/>\n<meta property=\"article:published_time\" content=\"2016-11-02T16:31:17+00:00\" \/>\n<meta property=\"article:modified_time\" content=\"2025-12-15T16:04:12+00:00\" \/>\n<meta property=\"og:image\" content=\"https:\/\/www.psychologies.be\/fr\/wp-content\/uploads\/2016\/11\/enfant-diffiicile-word.jpg\" \/>\n\t<meta property=\"og:image:width\" content=\"647\" \/>\n\t<meta property=\"og:image:height\" content=\"289\" \/>\n\t<meta property=\"og:image:type\" content=\"image\/jpeg\" \/>\n<meta name=\"author\" content=\"Christiane Thiry\" \/>\n<meta name=\"twitter:card\" content=\"summary_large_image\" \/>\n<meta name=\"twitter:label1\" content=\"\u00c9crit par\" \/>\n\t<meta name=\"twitter:data1\" content=\"Christiane Thiry\" \/>\n\t<meta name=\"twitter:label2\" content=\"Dur\u00e9e de lecture estim\u00e9e\" \/>\n\t<meta name=\"twitter:data2\" content=\"3 minutes\" \/>\n<script type=\"application\/ld+json\" class=\"yoast-schema-graph\">{\"@context\":\"https:\\\/\\\/schema.org\",\"@graph\":[{\"@type\":\"Article\",\"@id\":\"https:\\\/\\\/www.psychologies.be\\\/fr\\\/que-faire-avec-notre-fils-de-huit-ans-infernal-a-la-maison\\\/#article\",\"isPartOf\":{\"@id\":\"https:\\\/\\\/www.psychologies.be\\\/fr\\\/que-faire-avec-notre-fils-de-huit-ans-infernal-a-la-maison\\\/\"},\"author\":{\"name\":\"Christiane Thiry\",\"@id\":\"https:\\\/\\\/www.psychologies.be\\\/fr\\\/#\\\/schema\\\/person\\\/d777894ee732d5873a76450a3f5ceca5\"},\"headline\":\"Que faire avec notre fils de huit ans, infernal \u00e0 la maison?\",\"datePublished\":\"2016-11-02T16:31:17+00:00\",\"dateModified\":\"2025-12-15T16:04:12+00:00\",\"mainEntityOfPage\":{\"@id\":\"https:\\\/\\\/www.psychologies.be\\\/fr\\\/que-faire-avec-notre-fils-de-huit-ans-infernal-a-la-maison\\\/\"},\"wordCount\":588,\"commentCount\":0,\"publisher\":{\"@id\":\"https:\\\/\\\/www.psychologies.be\\\/fr\\\/#organization\"},\"image\":{\"@id\":\"https:\\\/\\\/www.psychologies.be\\\/fr\\\/que-faire-avec-notre-fils-de-huit-ans-infernal-a-la-maison\\\/#primaryimage\"},\"thumbnailUrl\":\"https:\\\/\\\/www.psychologies.be\\\/fr\\\/wp-content\\\/uploads\\\/2016\\\/11\\\/enfant-diffiicile-word.jpg\",\"articleSection\":[\"Famille\"],\"inLanguage\":\"fr-FR\",\"potentialAction\":[{\"@type\":\"CommentAction\",\"name\":\"Comment\",\"target\":[\"https:\\\/\\\/www.psychologies.be\\\/fr\\\/que-faire-avec-notre-fils-de-huit-ans-infernal-a-la-maison\\\/#respond\"]}]},{\"@type\":\"WebPage\",\"@id\":\"https:\\\/\\\/www.psychologies.be\\\/fr\\\/que-faire-avec-notre-fils-de-huit-ans-infernal-a-la-maison\\\/\",\"url\":\"https:\\\/\\\/www.psychologies.be\\\/fr\\\/que-faire-avec-notre-fils-de-huit-ans-infernal-a-la-maison\\\/\",\"name\":\"Que faire avec notre fils de huit ans, infernal \u00e0 la maison?\",\"isPartOf\":{\"@id\":\"https:\\\/\\\/www.psychologies.be\\\/fr\\\/#website\"},\"primaryImageOfPage\":{\"@id\":\"https:\\\/\\\/www.psychologies.be\\\/fr\\\/que-faire-avec-notre-fils-de-huit-ans-infernal-a-la-maison\\\/#primaryimage\"},\"image\":{\"@id\":\"https:\\\/\\\/www.psychologies.be\\\/fr\\\/que-faire-avec-notre-fils-de-huit-ans-infernal-a-la-maison\\\/#primaryimage\"},\"thumbnailUrl\":\"https:\\\/\\\/www.psychologies.be\\\/fr\\\/wp-content\\\/uploads\\\/2016\\\/11\\\/enfant-diffiicile-word.jpg\",\"datePublished\":\"2016-11-02T16:31:17+00:00\",\"dateModified\":\"2025-12-15T16:04:12+00:00\",\"description\":\"Il se comporte comme un adolescent difficile, est rebelle \u00e0 tout, ne veut rien entendre de ce qu\u2019on lui demande.\",\"breadcrumb\":{\"@id\":\"https:\\\/\\\/www.psychologies.be\\\/fr\\\/que-faire-avec-notre-fils-de-huit-ans-infernal-a-la-maison\\\/#breadcrumb\"},\"inLanguage\":\"fr-FR\",\"potentialAction\":[{\"@type\":\"ReadAction\",\"target\":[\"https:\\\/\\\/www.psychologies.be\\\/fr\\\/que-faire-avec-notre-fils-de-huit-ans-infernal-a-la-maison\\\/\"]}]},{\"@type\":\"ImageObject\",\"inLanguage\":\"fr-FR\",\"@id\":\"https:\\\/\\\/www.psychologies.be\\\/fr\\\/que-faire-avec-notre-fils-de-huit-ans-infernal-a-la-maison\\\/#primaryimage\",\"url\":\"https:\\\/\\\/www.psychologies.be\\\/fr\\\/wp-content\\\/uploads\\\/2016\\\/11\\\/enfant-diffiicile-word.jpg\",\"contentUrl\":\"https:\\\/\\\/www.psychologies.be\\\/fr\\\/wp-content\\\/uploads\\\/2016\\\/11\\\/enfant-diffiicile-word.jpg\",\"width\":647,\"height\":289},{\"@type\":\"BreadcrumbList\",\"@id\":\"https:\\\/\\\/www.psychologies.be\\\/fr\\\/que-faire-avec-notre-fils-de-huit-ans-infernal-a-la-maison\\\/#breadcrumb\",\"itemListElement\":[{\"@type\":\"ListItem\",\"position\":1,\"name\":\"Home\",\"item\":\"https:\\\/\\\/www.psychologies.be\\\/fr\\\/\"},{\"@type\":\"ListItem\",\"position\":2,\"name\":\"Famille\",\"item\":\"https:\\\/\\\/www.psychologies.be\\\/fr\\\/famille\\\/\"},{\"@type\":\"ListItem\",\"position\":3,\"name\":\"Que faire avec notre fils de huit ans, infernal \u00e0 la maison?\"}]},{\"@type\":\"WebSite\",\"@id\":\"https:\\\/\\\/www.psychologies.be\\\/fr\\\/#website\",\"url\":\"https:\\\/\\\/www.psychologies.be\\\/fr\\\/\",\"name\":\"Psychologies Belgique\",\"description\":\"Psychologie, mieux se conna\u00eetre pour mieux vivre sa vie\",\"publisher\":{\"@id\":\"https:\\\/\\\/www.psychologies.be\\\/fr\\\/#organization\"},\"potentialAction\":[{\"@type\":\"SearchAction\",\"target\":{\"@type\":\"EntryPoint\",\"urlTemplate\":\"https:\\\/\\\/www.psychologies.be\\\/fr\\\/?s={search_term_string}\"},\"query-input\":{\"@type\":\"PropertyValueSpecification\",\"valueRequired\":true,\"valueName\":\"search_term_string\"}}],\"inLanguage\":\"fr-FR\"},{\"@type\":\"Organization\",\"@id\":\"https:\\\/\\\/www.psychologies.be\\\/fr\\\/#organization\",\"name\":\"Psychologies Belgique\",\"url\":\"https:\\\/\\\/www.psychologies.be\\\/fr\\\/\",\"logo\":{\"@type\":\"ImageObject\",\"inLanguage\":\"fr-FR\",\"@id\":\"https:\\\/\\\/www.psychologies.be\\\/fr\\\/#\\\/schema\\\/logo\\\/image\\\/\",\"url\":\"https:\\\/\\\/www.psychologies.be\\\/fr\\\/wp-content\\\/uploads\\\/2025\\\/03\\\/psychologies-be.png\",\"contentUrl\":\"https:\\\/\\\/www.psychologies.be\\\/fr\\\/wp-content\\\/uploads\\\/2025\\\/03\\\/psychologies-be.png\",\"width\":696,\"height\":696,\"caption\":\"Psychologies Belgique\"},\"image\":{\"@id\":\"https:\\\/\\\/www.psychologies.be\\\/fr\\\/#\\\/schema\\\/logo\\\/image\\\/\"},\"sameAs\":[\"https:\\\/\\\/www.facebook.com\\\/Psychologies\"]},{\"@type\":\"Person\",\"@id\":\"https:\\\/\\\/www.psychologies.be\\\/fr\\\/#\\\/schema\\\/person\\\/d777894ee732d5873a76450a3f5ceca5\",\"name\":\"Christiane Thiry\",\"url\":\"https:\\\/\\\/www.psychologies.be\\\/fr\\\/author\\\/christiane\\\/\"}]}<\/script>\n<!-- \/ Yoast SEO plugin. -->","yoast_head_json":{"title":"Que faire avec notre fils de huit ans, infernal \u00e0 la maison?","description":"Il se comporte comme un adolescent difficile, est rebelle \u00e0 tout, ne veut rien entendre de ce qu\u2019on lui demande.","robots":{"index":"index","follow":"follow","max-snippet":"max-snippet:-1","max-image-preview":"max-image-preview:large","max-video-preview":"max-video-preview:-1"},"canonical":"https:\/\/www.psychologies.be\/fr\/que-faire-avec-notre-fils-de-huit-ans-infernal-a-la-maison\/","og_locale":"fr_FR","og_type":"article","og_title":"Que faire avec notre fils de huit ans, infernal \u00e0 la maison?","og_description":"Il se comporte comme un adolescent difficile, est rebelle \u00e0 tout, ne veut rien entendre de ce qu\u2019on lui demande.","og_url":"https:\/\/www.psychologies.be\/fr\/que-faire-avec-notre-fils-de-huit-ans-infernal-a-la-maison\/","og_site_name":"Psychologies Belgique","article_publisher":"https:\/\/www.facebook.com\/Psychologies","article_published_time":"2016-11-02T16:31:17+00:00","article_modified_time":"2025-12-15T16:04:12+00:00","og_image":[{"width":647,"height":289,"url":"https:\/\/www.psychologies.be\/fr\/wp-content\/uploads\/2016\/11\/enfant-diffiicile-word.jpg","type":"image\/jpeg"}],"author":"Christiane Thiry","twitter_card":"summary_large_image","twitter_misc":{"\u00c9crit par":"Christiane Thiry","Dur\u00e9e de lecture estim\u00e9e":"3 minutes"},"schema":{"@context":"https:\/\/schema.org","@graph":[{"@type":"Article","@id":"https:\/\/www.psychologies.be\/fr\/que-faire-avec-notre-fils-de-huit-ans-infernal-a-la-maison\/#article","isPartOf":{"@id":"https:\/\/www.psychologies.be\/fr\/que-faire-avec-notre-fils-de-huit-ans-infernal-a-la-maison\/"},"author":{"name":"Christiane Thiry","@id":"https:\/\/www.psychologies.be\/fr\/#\/schema\/person\/d777894ee732d5873a76450a3f5ceca5"},"headline":"Que faire avec notre fils de huit ans, infernal \u00e0 la maison?","datePublished":"2016-11-02T16:31:17+00:00","dateModified":"2025-12-15T16:04:12+00:00","mainEntityOfPage":{"@id":"https:\/\/www.psychologies.be\/fr\/que-faire-avec-notre-fils-de-huit-ans-infernal-a-la-maison\/"},"wordCount":588,"commentCount":0,"publisher":{"@id":"https:\/\/www.psychologies.be\/fr\/#organization"},"image":{"@id":"https:\/\/www.psychologies.be\/fr\/que-faire-avec-notre-fils-de-huit-ans-infernal-a-la-maison\/#primaryimage"},"thumbnailUrl":"https:\/\/www.psychologies.be\/fr\/wp-content\/uploads\/2016\/11\/enfant-diffiicile-word.jpg","articleSection":["Famille"],"inLanguage":"fr-FR","potentialAction":[{"@type":"CommentAction","name":"Comment","target":["https:\/\/www.psychologies.be\/fr\/que-faire-avec-notre-fils-de-huit-ans-infernal-a-la-maison\/#respond"]}]},{"@type":"WebPage","@id":"https:\/\/www.psychologies.be\/fr\/que-faire-avec-notre-fils-de-huit-ans-infernal-a-la-maison\/","url":"https:\/\/www.psychologies.be\/fr\/que-faire-avec-notre-fils-de-huit-ans-infernal-a-la-maison\/","name":"Que faire avec notre fils de huit ans, infernal \u00e0 la maison?","isPartOf":{"@id":"https:\/\/www.psychologies.be\/fr\/#website"},"primaryImageOfPage":{"@id":"https:\/\/www.psychologies.be\/fr\/que-faire-avec-notre-fils-de-huit-ans-infernal-a-la-maison\/#primaryimage"},"image":{"@id":"https:\/\/www.psychologies.be\/fr\/que-faire-avec-notre-fils-de-huit-ans-infernal-a-la-maison\/#primaryimage"},"thumbnailUrl":"https:\/\/www.psychologies.be\/fr\/wp-content\/uploads\/2016\/11\/enfant-diffiicile-word.jpg","datePublished":"2016-11-02T16:31:17+00:00","dateModified":"2025-12-15T16:04:12+00:00","description":"Il se comporte comme un adolescent difficile, est rebelle \u00e0 tout, ne veut rien entendre de ce qu\u2019on lui demande.","breadcrumb":{"@id":"https:\/\/www.psychologies.be\/fr\/que-faire-avec-notre-fils-de-huit-ans-infernal-a-la-maison\/#breadcrumb"},"inLanguage":"fr-FR","potentialAction":[{"@type":"ReadAction","target":["https:\/\/www.psychologies.be\/fr\/que-faire-avec-notre-fils-de-huit-ans-infernal-a-la-maison\/"]}]},{"@type":"ImageObject","inLanguage":"fr-FR","@id":"https:\/\/www.psychologies.be\/fr\/que-faire-avec-notre-fils-de-huit-ans-infernal-a-la-maison\/#primaryimage","url":"https:\/\/www.psychologies.be\/fr\/wp-content\/uploads\/2016\/11\/enfant-diffiicile-word.jpg","contentUrl":"https:\/\/www.psychologies.be\/fr\/wp-content\/uploads\/2016\/11\/enfant-diffiicile-word.jpg","width":647,"height":289},{"@type":"BreadcrumbList","@id":"https:\/\/www.psychologies.be\/fr\/que-faire-avec-notre-fils-de-huit-ans-infernal-a-la-maison\/#breadcrumb","itemListElement":[{"@type":"ListItem","position":1,"name":"Home","item":"https:\/\/www.psychologies.be\/fr\/"},{"@type":"ListItem","position":2,"name":"Famille","item":"https:\/\/www.psychologies.be\/fr\/famille\/"},{"@type":"ListItem","position":3,"name":"Que faire avec notre fils de huit ans, infernal \u00e0 la maison?"}]},{"@type":"WebSite","@id":"https:\/\/www.psychologies.be\/fr\/#website","url":"https:\/\/www.psychologies.be\/fr\/","name":"Psychologies Belgique","description":"Psychologie, mieux se conna\u00eetre pour mieux vivre sa vie","publisher":{"@id":"https:\/\/www.psychologies.be\/fr\/#organization"},"potentialAction":[{"@type":"SearchAction","target":{"@type":"EntryPoint","urlTemplate":"https:\/\/www.psychologies.be\/fr\/?s={search_term_string}"},"query-input":{"@type":"PropertyValueSpecification","valueRequired":true,"valueName":"search_term_string"}}],"inLanguage":"fr-FR"},{"@type":"Organization","@id":"https:\/\/www.psychologies.be\/fr\/#organization","name":"Psychologies Belgique","url":"https:\/\/www.psychologies.be\/fr\/","logo":{"@type":"ImageObject","inLanguage":"fr-FR","@id":"https:\/\/www.psychologies.be\/fr\/#\/schema\/logo\/image\/","url":"https:\/\/www.psychologies.be\/fr\/wp-content\/uploads\/2025\/03\/psychologies-be.png","contentUrl":"https:\/\/www.psychologies.be\/fr\/wp-content\/uploads\/2025\/03\/psychologies-be.png","width":696,"height":696,"caption":"Psychologies Belgique"},"image":{"@id":"https:\/\/www.psychologies.be\/fr\/#\/schema\/logo\/image\/"},"sameAs":["https:\/\/www.facebook.com\/Psychologies"]},{"@type":"Person","@id":"https:\/\/www.psychologies.be\/fr\/#\/schema\/person\/d777894ee732d5873a76450a3f5ceca5","name":"Christiane Thiry","url":"https:\/\/www.psychologies.be\/fr\/author\/christiane\/"}]}},"_links":{"self":[{"href":"https:\/\/www.psychologies.be\/fr\/wp-json\/wp\/v2\/posts\/2939","targetHints":{"allow":["GET"]}}],"collection":[{"href":"https:\/\/www.psychologies.be\/fr\/wp-json\/wp\/v2\/posts"}],"about":[{"href":"https:\/\/www.psychologies.be\/fr\/wp-json\/wp\/v2\/types\/post"}],"author":[{"embeddable":true,"href":"https:\/\/www.psychologies.be\/fr\/wp-json\/wp\/v2\/users\/4"}],"replies":[{"embeddable":true,"href":"https:\/\/www.psychologies.be\/fr\/wp-json\/wp\/v2\/comments?post=2939"}],"version-history":[{"count":1,"href":"https:\/\/www.psychologies.be\/fr\/wp-json\/wp\/v2\/posts\/2939\/revisions"}],"predecessor-version":[{"id":13796,"href":"https:\/\/www.psychologies.be\/fr\/wp-json\/wp\/v2\/posts\/2939\/revisions\/13796"}],"wp:featuredmedia":[{"embeddable":true,"href":"https:\/\/www.psychologies.be\/fr\/wp-json\/wp\/v2\/media\/2940"}],"wp:attachment":[{"href":"https:\/\/www.psychologies.be\/fr\/wp-json\/wp\/v2\/media?parent=2939"}],"wp:term":[{"taxonomy":"category","embeddable":true,"href":"https:\/\/www.psychologies.be\/fr\/wp-json\/wp\/v2\/categories?post=2939"},{"taxonomy":"post_tag","embeddable":true,"href":"https:\/\/www.psychologies.be\/fr\/wp-json\/wp\/v2\/tags?post=2939"}],"curies":[{"name":"wp","href":"https:\/\/api.w.org\/{rel}","templated":true}]}}