{"id":3147,"date":"2016-11-24T13:30:14","date_gmt":"2016-11-24T12:30:14","guid":{"rendered":"http:\/\/www.psychologies.be\/com\/?p=3147"},"modified":"2025-12-15T16:54:53","modified_gmt":"2025-12-15T15:54:53","slug":"le-non-desir-denfant","status":"publish","type":"post","link":"https:\/\/www.psychologies.be\/fr\/le-non-desir-denfant\/","title":{"rendered":"Le non d\u00e9sir d&#8217;enfant"},"content":{"rendered":"","protected":false},"excerpt":{"rendered":"Une publication de l\u2019Institut d\u2019\u00e9tudes d\u00e9mographiques en France nous apprend que 90\u00a0% des personnes interrog\u00e9es dans une enqu\u00eate r\u00e9cente pensent qu\u2019il est impossible pour un homme ou une femme de s\u2019\u00e9panouir sans enfant\u00a0! C\u2019est violent, non\u00a0?\nPar Armand Lequeux, professeur \u00e9m\u00e9rite de sexologie \u00e0 l&#8217;UCL\nCette repr\u00e9sentation sociale dominante accro\u00eet la souffrance de nos contemporains qui ne peuvent ou n\u2019ont pu en avoir alors qu\u2019ils le d\u00e9siraient et participe, par ailleurs, \u00e0 la stigmatisation de celles et ceux qui d\u00e9cident volontairement de rester sans enfant.","protected":false},"author":4,"featured_media":3148,"comment_status":"open","ping_status":"closed","sticky":false,"template":"","format":"standard","meta":{"_acf_changed":false,"footnotes":""},"categories":[471],"tags":[],"class_list":["post-3147","post","type-post","status-publish","format-standard","has-post-thumbnail","hentry","category-famille"],"acf":[],"_yoast_wpseo_metadesc":"Est-il impossible de s'\u00e9panouir sans enfant?","_yoast_wpseo_title":"le non-d\u00e9sir d'enfant","yoast_head":"<!-- This site is optimized with the Yoast SEO plugin v27.3 - https:\/\/yoast.com\/product\/yoast-seo-wordpress\/ -->\n<title>le non-d\u00e9sir d&#039;enfant<\/title>\n<meta name=\"description\" content=\"Est-il impossible de s&#039;\u00e9panouir sans enfant?\" \/>\n<meta name=\"robots\" content=\"index, follow, max-snippet:-1, max-image-preview:large, max-video-preview:-1\" \/>\n<link rel=\"canonical\" href=\"https:\/\/www.psychologies.be\/fr\/le-non-desir-denfant\/\" \/>\n<meta property=\"og:locale\" content=\"fr_FR\" \/>\n<meta property=\"og:type\" content=\"article\" \/>\n<meta property=\"og:title\" content=\"le non-d\u00e9sir d&#039;enfant\" \/>\n<meta property=\"og:description\" content=\"Est-il impossible de s&#039;\u00e9panouir sans enfant?\" \/>\n<meta property=\"og:url\" content=\"https:\/\/www.psychologies.be\/fr\/le-non-desir-denfant\/\" \/>\n<meta property=\"og:site_name\" content=\"Psychologies Belgique\" \/>\n<meta property=\"article:publisher\" content=\"https:\/\/www.facebook.com\/Psychologies\" \/>\n<meta property=\"article:published_time\" content=\"2016-11-24T12:30:14+00:00\" \/>\n<meta property=\"article:modified_time\" content=\"2025-12-15T15:54:53+00:00\" \/>\n<meta property=\"og:image\" content=\"https:\/\/www.psychologies.be\/fr\/wp-content\/uploads\/2016\/11\/non-desir-denfant-word-.jpg\" \/>\n\t<meta property=\"og:image:width\" content=\"647\" \/>\n\t<meta property=\"og:image:height\" content=\"289\" \/>\n\t<meta property=\"og:image:type\" content=\"image\/jpeg\" \/>\n<meta name=\"author\" content=\"Christiane Thiry\" \/>\n<meta name=\"twitter:card\" content=\"summary_large_image\" \/>\n<meta name=\"twitter:label1\" content=\"\u00c9crit par\" \/>\n\t<meta name=\"twitter:data1\" content=\"Christiane Thiry\" \/>\n\t<meta name=\"twitter:label2\" content=\"Dur\u00e9e de lecture estim\u00e9e\" \/>\n\t<meta name=\"twitter:data2\" content=\"4 minutes\" \/>\n<script type=\"application\/ld+json\" class=\"yoast-schema-graph\">{\"@context\":\"https:\\\/\\\/schema.org\",\"@graph\":[{\"@type\":\"Article\",\"@id\":\"https:\\\/\\\/www.psychologies.be\\\/fr\\\/le-non-desir-denfant\\\/#article\",\"isPartOf\":{\"@id\":\"https:\\\/\\\/www.psychologies.be\\\/fr\\\/le-non-desir-denfant\\\/\"},\"author\":{\"name\":\"Christiane Thiry\",\"@id\":\"https:\\\/\\\/www.psychologies.be\\\/fr\\\/#\\\/schema\\\/person\\\/d777894ee732d5873a76450a3f5ceca5\"},\"headline\":\"Le non d\u00e9sir d&#8217;enfant\",\"datePublished\":\"2016-11-24T12:30:14+00:00\",\"dateModified\":\"2025-12-15T15:54:53+00:00\",\"mainEntityOfPage\":{\"@id\":\"https:\\\/\\\/www.psychologies.be\\\/fr\\\/le-non-desir-denfant\\\/\"},\"wordCount\":775,\"commentCount\":0,\"publisher\":{\"@id\":\"https:\\\/\\\/www.psychologies.be\\\/fr\\\/#organization\"},\"image\":{\"@id\":\"https:\\\/\\\/www.psychologies.be\\\/fr\\\/le-non-desir-denfant\\\/#primaryimage\"},\"thumbnailUrl\":\"https:\\\/\\\/www.psychologies.be\\\/fr\\\/wp-content\\\/uploads\\\/2016\\\/11\\\/non-desir-denfant-word-.jpg\",\"articleSection\":[\"Famille\"],\"inLanguage\":\"fr-FR\",\"potentialAction\":[{\"@type\":\"CommentAction\",\"name\":\"Comment\",\"target\":[\"https:\\\/\\\/www.psychologies.be\\\/fr\\\/le-non-desir-denfant\\\/#respond\"]}]},{\"@type\":\"WebPage\",\"@id\":\"https:\\\/\\\/www.psychologies.be\\\/fr\\\/le-non-desir-denfant\\\/\",\"url\":\"https:\\\/\\\/www.psychologies.be\\\/fr\\\/le-non-desir-denfant\\\/\",\"name\":\"le non-d\u00e9sir d'enfant\",\"isPartOf\":{\"@id\":\"https:\\\/\\\/www.psychologies.be\\\/fr\\\/#website\"},\"primaryImageOfPage\":{\"@id\":\"https:\\\/\\\/www.psychologies.be\\\/fr\\\/le-non-desir-denfant\\\/#primaryimage\"},\"image\":{\"@id\":\"https:\\\/\\\/www.psychologies.be\\\/fr\\\/le-non-desir-denfant\\\/#primaryimage\"},\"thumbnailUrl\":\"https:\\\/\\\/www.psychologies.be\\\/fr\\\/wp-content\\\/uploads\\\/2016\\\/11\\\/non-desir-denfant-word-.jpg\",\"datePublished\":\"2016-11-24T12:30:14+00:00\",\"dateModified\":\"2025-12-15T15:54:53+00:00\",\"description\":\"Est-il impossible de s'\u00e9panouir sans enfant?\",\"breadcrumb\":{\"@id\":\"https:\\\/\\\/www.psychologies.be\\\/fr\\\/le-non-desir-denfant\\\/#breadcrumb\"},\"inLanguage\":\"fr-FR\",\"potentialAction\":[{\"@type\":\"ReadAction\",\"target\":[\"https:\\\/\\\/www.psychologies.be\\\/fr\\\/le-non-desir-denfant\\\/\"]}]},{\"@type\":\"ImageObject\",\"inLanguage\":\"fr-FR\",\"@id\":\"https:\\\/\\\/www.psychologies.be\\\/fr\\\/le-non-desir-denfant\\\/#primaryimage\",\"url\":\"https:\\\/\\\/www.psychologies.be\\\/fr\\\/wp-content\\\/uploads\\\/2016\\\/11\\\/non-desir-denfant-word-.jpg\",\"contentUrl\":\"https:\\\/\\\/www.psychologies.be\\\/fr\\\/wp-content\\\/uploads\\\/2016\\\/11\\\/non-desir-denfant-word-.jpg\",\"width\":647,\"height\":289},{\"@type\":\"BreadcrumbList\",\"@id\":\"https:\\\/\\\/www.psychologies.be\\\/fr\\\/le-non-desir-denfant\\\/#breadcrumb\",\"itemListElement\":[{\"@type\":\"ListItem\",\"position\":1,\"name\":\"Home\",\"item\":\"https:\\\/\\\/www.psychologies.be\\\/fr\\\/\"},{\"@type\":\"ListItem\",\"position\":2,\"name\":\"Famille\",\"item\":\"https:\\\/\\\/www.psychologies.be\\\/fr\\\/famille\\\/\"},{\"@type\":\"ListItem\",\"position\":3,\"name\":\"Le non d\u00e9sir d&#8217;enfant\"}]},{\"@type\":\"WebSite\",\"@id\":\"https:\\\/\\\/www.psychologies.be\\\/fr\\\/#website\",\"url\":\"https:\\\/\\\/www.psychologies.be\\\/fr\\\/\",\"name\":\"Psychologies Belgique\",\"description\":\"Psychologie, mieux se conna\u00eetre pour mieux vivre sa vie\",\"publisher\":{\"@id\":\"https:\\\/\\\/www.psychologies.be\\\/fr\\\/#organization\"},\"potentialAction\":[{\"@type\":\"SearchAction\",\"target\":{\"@type\":\"EntryPoint\",\"urlTemplate\":\"https:\\\/\\\/www.psychologies.be\\\/fr\\\/?s={search_term_string}\"},\"query-input\":{\"@type\":\"PropertyValueSpecification\",\"valueRequired\":true,\"valueName\":\"search_term_string\"}}],\"inLanguage\":\"fr-FR\"},{\"@type\":\"Organization\",\"@id\":\"https:\\\/\\\/www.psychologies.be\\\/fr\\\/#organization\",\"name\":\"Psychologies Belgique\",\"url\":\"https:\\\/\\\/www.psychologies.be\\\/fr\\\/\",\"logo\":{\"@type\":\"ImageObject\",\"inLanguage\":\"fr-FR\",\"@id\":\"https:\\\/\\\/www.psychologies.be\\\/fr\\\/#\\\/schema\\\/logo\\\/image\\\/\",\"url\":\"https:\\\/\\\/www.psychologies.be\\\/fr\\\/wp-content\\\/uploads\\\/2025\\\/03\\\/psychologies-be.png\",\"contentUrl\":\"https:\\\/\\\/www.psychologies.be\\\/fr\\\/wp-content\\\/uploads\\\/2025\\\/03\\\/psychologies-be.png\",\"width\":696,\"height\":696,\"caption\":\"Psychologies Belgique\"},\"image\":{\"@id\":\"https:\\\/\\\/www.psychologies.be\\\/fr\\\/#\\\/schema\\\/logo\\\/image\\\/\"},\"sameAs\":[\"https:\\\/\\\/www.facebook.com\\\/Psychologies\"]},{\"@type\":\"Person\",\"@id\":\"https:\\\/\\\/www.psychologies.be\\\/fr\\\/#\\\/schema\\\/person\\\/d777894ee732d5873a76450a3f5ceca5\",\"name\":\"Christiane Thiry\",\"url\":\"https:\\\/\\\/www.psychologies.be\\\/fr\\\/author\\\/christiane\\\/\"}]}<\/script>\n<!-- \/ Yoast SEO plugin. -->","yoast_head_json":{"title":"le non-d\u00e9sir d'enfant","description":"Est-il impossible de s'\u00e9panouir sans enfant?","robots":{"index":"index","follow":"follow","max-snippet":"max-snippet:-1","max-image-preview":"max-image-preview:large","max-video-preview":"max-video-preview:-1"},"canonical":"https:\/\/www.psychologies.be\/fr\/le-non-desir-denfant\/","og_locale":"fr_FR","og_type":"article","og_title":"le non-d\u00e9sir d'enfant","og_description":"Est-il impossible de s'\u00e9panouir sans enfant?","og_url":"https:\/\/www.psychologies.be\/fr\/le-non-desir-denfant\/","og_site_name":"Psychologies Belgique","article_publisher":"https:\/\/www.facebook.com\/Psychologies","article_published_time":"2016-11-24T12:30:14+00:00","article_modified_time":"2025-12-15T15:54:53+00:00","og_image":[{"width":647,"height":289,"url":"https:\/\/www.psychologies.be\/fr\/wp-content\/uploads\/2016\/11\/non-desir-denfant-word-.jpg","type":"image\/jpeg"}],"author":"Christiane Thiry","twitter_card":"summary_large_image","twitter_misc":{"\u00c9crit par":"Christiane Thiry","Dur\u00e9e de lecture estim\u00e9e":"4 minutes"},"schema":{"@context":"https:\/\/schema.org","@graph":[{"@type":"Article","@id":"https:\/\/www.psychologies.be\/fr\/le-non-desir-denfant\/#article","isPartOf":{"@id":"https:\/\/www.psychologies.be\/fr\/le-non-desir-denfant\/"},"author":{"name":"Christiane Thiry","@id":"https:\/\/www.psychologies.be\/fr\/#\/schema\/person\/d777894ee732d5873a76450a3f5ceca5"},"headline":"Le non d\u00e9sir d&#8217;enfant","datePublished":"2016-11-24T12:30:14+00:00","dateModified":"2025-12-15T15:54:53+00:00","mainEntityOfPage":{"@id":"https:\/\/www.psychologies.be\/fr\/le-non-desir-denfant\/"},"wordCount":775,"commentCount":0,"publisher":{"@id":"https:\/\/www.psychologies.be\/fr\/#organization"},"image":{"@id":"https:\/\/www.psychologies.be\/fr\/le-non-desir-denfant\/#primaryimage"},"thumbnailUrl":"https:\/\/www.psychologies.be\/fr\/wp-content\/uploads\/2016\/11\/non-desir-denfant-word-.jpg","articleSection":["Famille"],"inLanguage":"fr-FR","potentialAction":[{"@type":"CommentAction","name":"Comment","target":["https:\/\/www.psychologies.be\/fr\/le-non-desir-denfant\/#respond"]}]},{"@type":"WebPage","@id":"https:\/\/www.psychologies.be\/fr\/le-non-desir-denfant\/","url":"https:\/\/www.psychologies.be\/fr\/le-non-desir-denfant\/","name":"le non-d\u00e9sir d'enfant","isPartOf":{"@id":"https:\/\/www.psychologies.be\/fr\/#website"},"primaryImageOfPage":{"@id":"https:\/\/www.psychologies.be\/fr\/le-non-desir-denfant\/#primaryimage"},"image":{"@id":"https:\/\/www.psychologies.be\/fr\/le-non-desir-denfant\/#primaryimage"},"thumbnailUrl":"https:\/\/www.psychologies.be\/fr\/wp-content\/uploads\/2016\/11\/non-desir-denfant-word-.jpg","datePublished":"2016-11-24T12:30:14+00:00","dateModified":"2025-12-15T15:54:53+00:00","description":"Est-il impossible de s'\u00e9panouir sans enfant?","breadcrumb":{"@id":"https:\/\/www.psychologies.be\/fr\/le-non-desir-denfant\/#breadcrumb"},"inLanguage":"fr-FR","potentialAction":[{"@type":"ReadAction","target":["https:\/\/www.psychologies.be\/fr\/le-non-desir-denfant\/"]}]},{"@type":"ImageObject","inLanguage":"fr-FR","@id":"https:\/\/www.psychologies.be\/fr\/le-non-desir-denfant\/#primaryimage","url":"https:\/\/www.psychologies.be\/fr\/wp-content\/uploads\/2016\/11\/non-desir-denfant-word-.jpg","contentUrl":"https:\/\/www.psychologies.be\/fr\/wp-content\/uploads\/2016\/11\/non-desir-denfant-word-.jpg","width":647,"height":289},{"@type":"BreadcrumbList","@id":"https:\/\/www.psychologies.be\/fr\/le-non-desir-denfant\/#breadcrumb","itemListElement":[{"@type":"ListItem","position":1,"name":"Home","item":"https:\/\/www.psychologies.be\/fr\/"},{"@type":"ListItem","position":2,"name":"Famille","item":"https:\/\/www.psychologies.be\/fr\/famille\/"},{"@type":"ListItem","position":3,"name":"Le non d\u00e9sir d&#8217;enfant"}]},{"@type":"WebSite","@id":"https:\/\/www.psychologies.be\/fr\/#website","url":"https:\/\/www.psychologies.be\/fr\/","name":"Psychologies Belgique","description":"Psychologie, mieux se conna\u00eetre pour mieux vivre sa vie","publisher":{"@id":"https:\/\/www.psychologies.be\/fr\/#organization"},"potentialAction":[{"@type":"SearchAction","target":{"@type":"EntryPoint","urlTemplate":"https:\/\/www.psychologies.be\/fr\/?s={search_term_string}"},"query-input":{"@type":"PropertyValueSpecification","valueRequired":true,"valueName":"search_term_string"}}],"inLanguage":"fr-FR"},{"@type":"Organization","@id":"https:\/\/www.psychologies.be\/fr\/#organization","name":"Psychologies Belgique","url":"https:\/\/www.psychologies.be\/fr\/","logo":{"@type":"ImageObject","inLanguage":"fr-FR","@id":"https:\/\/www.psychologies.be\/fr\/#\/schema\/logo\/image\/","url":"https:\/\/www.psychologies.be\/fr\/wp-content\/uploads\/2025\/03\/psychologies-be.png","contentUrl":"https:\/\/www.psychologies.be\/fr\/wp-content\/uploads\/2025\/03\/psychologies-be.png","width":696,"height":696,"caption":"Psychologies Belgique"},"image":{"@id":"https:\/\/www.psychologies.be\/fr\/#\/schema\/logo\/image\/"},"sameAs":["https:\/\/www.facebook.com\/Psychologies"]},{"@type":"Person","@id":"https:\/\/www.psychologies.be\/fr\/#\/schema\/person\/d777894ee732d5873a76450a3f5ceca5","name":"Christiane Thiry","url":"https:\/\/www.psychologies.be\/fr\/author\/christiane\/"}]}},"_links":{"self":[{"href":"https:\/\/www.psychologies.be\/fr\/wp-json\/wp\/v2\/posts\/3147","targetHints":{"allow":["GET"]}}],"collection":[{"href":"https:\/\/www.psychologies.be\/fr\/wp-json\/wp\/v2\/posts"}],"about":[{"href":"https:\/\/www.psychologies.be\/fr\/wp-json\/wp\/v2\/types\/post"}],"author":[{"embeddable":true,"href":"https:\/\/www.psychologies.be\/fr\/wp-json\/wp\/v2\/users\/4"}],"replies":[{"embeddable":true,"href":"https:\/\/www.psychologies.be\/fr\/wp-json\/wp\/v2\/comments?post=3147"}],"version-history":[{"count":1,"href":"https:\/\/www.psychologies.be\/fr\/wp-json\/wp\/v2\/posts\/3147\/revisions"}],"predecessor-version":[{"id":13779,"href":"https:\/\/www.psychologies.be\/fr\/wp-json\/wp\/v2\/posts\/3147\/revisions\/13779"}],"wp:featuredmedia":[{"embeddable":true,"href":"https:\/\/www.psychologies.be\/fr\/wp-json\/wp\/v2\/media\/3148"}],"wp:attachment":[{"href":"https:\/\/www.psychologies.be\/fr\/wp-json\/wp\/v2\/media?parent=3147"}],"wp:term":[{"taxonomy":"category","embeddable":true,"href":"https:\/\/www.psychologies.be\/fr\/wp-json\/wp\/v2\/categories?post=3147"},{"taxonomy":"post_tag","embeddable":true,"href":"https:\/\/www.psychologies.be\/fr\/wp-json\/wp\/v2\/tags?post=3147"}],"curies":[{"name":"wp","href":"https:\/\/api.w.org\/{rel}","templated":true}]}}