{"id":3714,"date":"2017-02-15T16:10:55","date_gmt":"2017-02-15T15:10:55","guid":{"rendered":"http:\/\/www.psychologies.be\/com\/?p=3714"},"modified":"2025-12-15T16:17:07","modified_gmt":"2025-12-15T15:17:07","slug":"je-suis-tres-inquiete-pour-ma-fille","status":"publish","type":"post","link":"https:\/\/www.psychologies.be\/fr\/je-suis-tres-inquiete-pour-ma-fille\/","title":{"rendered":"Je suis tr\u00e8s inqui\u00e8te pour ma fille.\u00a0"},"content":{"rendered":"","protected":false},"excerpt":{"rendered":"Elle est maman de 2 jeunes enfants de 6 et 4 ans, elle vient de se s\u00e9parer et doit se r\u00e9orienter professionnellement. professionnellement....","protected":false},"author":4,"featured_media":3716,"comment_status":"open","ping_status":"closed","sticky":false,"template":"","format":"standard","meta":{"_acf_changed":false,"footnotes":""},"categories":[471],"tags":[],"class_list":["post-3714","post","type-post","status-publish","format-standard","has-post-thumbnail","hentry","category-famille"],"acf":[],"_yoast_wpseo_metadesc":"Nous nous rendons compte qu\u2019elle a commenc\u00e9 \u00e0 boire s\u00e9rieusement. Je suis d\u00e9vast\u00e9e car je viens d\u2019une famille d\u2019alcooliques profonds","_yoast_wpseo_title":"Je suis tr\u00e8s inqui\u00e8te pour ma fille qui boit de plus en plus","yoast_head":"<!-- This site is optimized with the Yoast SEO plugin v27.3 - https:\/\/yoast.com\/product\/yoast-seo-wordpress\/ -->\n<title>Je suis tr\u00e8s inqui\u00e8te pour ma fille qui boit de plus en plus<\/title>\n<meta name=\"description\" content=\"Nous nous rendons compte qu\u2019elle a commenc\u00e9 \u00e0 boire s\u00e9rieusement. Je suis d\u00e9vast\u00e9e car je viens d\u2019une famille d\u2019alcooliques profonds\" \/>\n<meta name=\"robots\" content=\"index, follow, max-snippet:-1, max-image-preview:large, max-video-preview:-1\" \/>\n<link rel=\"canonical\" href=\"https:\/\/www.psychologies.be\/fr\/je-suis-tres-inquiete-pour-ma-fille\/\" \/>\n<meta property=\"og:locale\" content=\"fr_FR\" \/>\n<meta property=\"og:type\" content=\"article\" \/>\n<meta property=\"og:title\" content=\"Je suis tr\u00e8s inqui\u00e8te pour ma fille qui boit de plus en plus\" \/>\n<meta property=\"og:description\" content=\"Nous nous rendons compte qu\u2019elle a commenc\u00e9 \u00e0 boire s\u00e9rieusement. Je suis d\u00e9vast\u00e9e car je viens d\u2019une famille d\u2019alcooliques profonds\" \/>\n<meta property=\"og:url\" content=\"https:\/\/www.psychologies.be\/fr\/je-suis-tres-inquiete-pour-ma-fille\/\" \/>\n<meta property=\"og:site_name\" content=\"Psychologies Belgique\" \/>\n<meta property=\"article:publisher\" content=\"https:\/\/www.facebook.com\/Psychologies\" \/>\n<meta property=\"article:published_time\" content=\"2017-02-15T15:10:55+00:00\" \/>\n<meta property=\"article:modified_time\" content=\"2025-12-15T15:17:07+00:00\" \/>\n<meta property=\"og:image\" content=\"https:\/\/www.psychologies.be\/fr\/wp-content\/uploads\/2017\/02\/femme-alcool-word.jpg\" \/>\n\t<meta property=\"og:image:width\" content=\"647\" \/>\n\t<meta property=\"og:image:height\" content=\"289\" \/>\n\t<meta property=\"og:image:type\" content=\"image\/jpeg\" \/>\n<meta name=\"author\" content=\"Christiane Thiry\" \/>\n<meta name=\"twitter:card\" content=\"summary_large_image\" \/>\n<meta name=\"twitter:label1\" content=\"\u00c9crit par\" \/>\n\t<meta name=\"twitter:data1\" content=\"Christiane Thiry\" \/>\n\t<meta name=\"twitter:label2\" content=\"Dur\u00e9e de lecture estim\u00e9e\" \/>\n\t<meta name=\"twitter:data2\" content=\"3 minutes\" \/>\n<script type=\"application\/ld+json\" class=\"yoast-schema-graph\">{\"@context\":\"https:\\\/\\\/schema.org\",\"@graph\":[{\"@type\":\"Article\",\"@id\":\"https:\\\/\\\/www.psychologies.be\\\/fr\\\/je-suis-tres-inquiete-pour-ma-fille\\\/#article\",\"isPartOf\":{\"@id\":\"https:\\\/\\\/www.psychologies.be\\\/fr\\\/je-suis-tres-inquiete-pour-ma-fille\\\/\"},\"author\":{\"name\":\"Christiane Thiry\",\"@id\":\"https:\\\/\\\/www.psychologies.be\\\/fr\\\/#\\\/schema\\\/person\\\/d777894ee732d5873a76450a3f5ceca5\"},\"headline\":\"Je suis tr\u00e8s inqui\u00e8te pour ma fille.\u00a0\",\"datePublished\":\"2017-02-15T15:10:55+00:00\",\"dateModified\":\"2025-12-15T15:17:07+00:00\",\"mainEntityOfPage\":{\"@id\":\"https:\\\/\\\/www.psychologies.be\\\/fr\\\/je-suis-tres-inquiete-pour-ma-fille\\\/\"},\"wordCount\":412,\"commentCount\":0,\"publisher\":{\"@id\":\"https:\\\/\\\/www.psychologies.be\\\/fr\\\/#organization\"},\"image\":{\"@id\":\"https:\\\/\\\/www.psychologies.be\\\/fr\\\/je-suis-tres-inquiete-pour-ma-fille\\\/#primaryimage\"},\"thumbnailUrl\":\"https:\\\/\\\/www.psychologies.be\\\/fr\\\/wp-content\\\/uploads\\\/2017\\\/02\\\/femme-alcool-word.jpg\",\"articleSection\":[\"Famille\"],\"inLanguage\":\"fr-FR\",\"potentialAction\":[{\"@type\":\"CommentAction\",\"name\":\"Comment\",\"target\":[\"https:\\\/\\\/www.psychologies.be\\\/fr\\\/je-suis-tres-inquiete-pour-ma-fille\\\/#respond\"]}]},{\"@type\":\"WebPage\",\"@id\":\"https:\\\/\\\/www.psychologies.be\\\/fr\\\/je-suis-tres-inquiete-pour-ma-fille\\\/\",\"url\":\"https:\\\/\\\/www.psychologies.be\\\/fr\\\/je-suis-tres-inquiete-pour-ma-fille\\\/\",\"name\":\"Je suis tr\u00e8s inqui\u00e8te pour ma fille qui boit de plus en plus\",\"isPartOf\":{\"@id\":\"https:\\\/\\\/www.psychologies.be\\\/fr\\\/#website\"},\"primaryImageOfPage\":{\"@id\":\"https:\\\/\\\/www.psychologies.be\\\/fr\\\/je-suis-tres-inquiete-pour-ma-fille\\\/#primaryimage\"},\"image\":{\"@id\":\"https:\\\/\\\/www.psychologies.be\\\/fr\\\/je-suis-tres-inquiete-pour-ma-fille\\\/#primaryimage\"},\"thumbnailUrl\":\"https:\\\/\\\/www.psychologies.be\\\/fr\\\/wp-content\\\/uploads\\\/2017\\\/02\\\/femme-alcool-word.jpg\",\"datePublished\":\"2017-02-15T15:10:55+00:00\",\"dateModified\":\"2025-12-15T15:17:07+00:00\",\"description\":\"Nous nous rendons compte qu\u2019elle a commenc\u00e9 \u00e0 boire s\u00e9rieusement. Je suis d\u00e9vast\u00e9e car je viens d\u2019une famille d\u2019alcooliques profonds\",\"breadcrumb\":{\"@id\":\"https:\\\/\\\/www.psychologies.be\\\/fr\\\/je-suis-tres-inquiete-pour-ma-fille\\\/#breadcrumb\"},\"inLanguage\":\"fr-FR\",\"potentialAction\":[{\"@type\":\"ReadAction\",\"target\":[\"https:\\\/\\\/www.psychologies.be\\\/fr\\\/je-suis-tres-inquiete-pour-ma-fille\\\/\"]}]},{\"@type\":\"ImageObject\",\"inLanguage\":\"fr-FR\",\"@id\":\"https:\\\/\\\/www.psychologies.be\\\/fr\\\/je-suis-tres-inquiete-pour-ma-fille\\\/#primaryimage\",\"url\":\"https:\\\/\\\/www.psychologies.be\\\/fr\\\/wp-content\\\/uploads\\\/2017\\\/02\\\/femme-alcool-word.jpg\",\"contentUrl\":\"https:\\\/\\\/www.psychologies.be\\\/fr\\\/wp-content\\\/uploads\\\/2017\\\/02\\\/femme-alcool-word.jpg\",\"width\":647,\"height\":289},{\"@type\":\"BreadcrumbList\",\"@id\":\"https:\\\/\\\/www.psychologies.be\\\/fr\\\/je-suis-tres-inquiete-pour-ma-fille\\\/#breadcrumb\",\"itemListElement\":[{\"@type\":\"ListItem\",\"position\":1,\"name\":\"Home\",\"item\":\"https:\\\/\\\/www.psychologies.be\\\/fr\\\/\"},{\"@type\":\"ListItem\",\"position\":2,\"name\":\"Famille\",\"item\":\"https:\\\/\\\/www.psychologies.be\\\/fr\\\/famille\\\/\"},{\"@type\":\"ListItem\",\"position\":3,\"name\":\"Je suis tr\u00e8s inqui\u00e8te pour ma fille.\u00a0\"}]},{\"@type\":\"WebSite\",\"@id\":\"https:\\\/\\\/www.psychologies.be\\\/fr\\\/#website\",\"url\":\"https:\\\/\\\/www.psychologies.be\\\/fr\\\/\",\"name\":\"Psychologies Belgique\",\"description\":\"Psychologie, mieux se conna\u00eetre pour mieux vivre sa vie\",\"publisher\":{\"@id\":\"https:\\\/\\\/www.psychologies.be\\\/fr\\\/#organization\"},\"potentialAction\":[{\"@type\":\"SearchAction\",\"target\":{\"@type\":\"EntryPoint\",\"urlTemplate\":\"https:\\\/\\\/www.psychologies.be\\\/fr\\\/?s={search_term_string}\"},\"query-input\":{\"@type\":\"PropertyValueSpecification\",\"valueRequired\":true,\"valueName\":\"search_term_string\"}}],\"inLanguage\":\"fr-FR\"},{\"@type\":\"Organization\",\"@id\":\"https:\\\/\\\/www.psychologies.be\\\/fr\\\/#organization\",\"name\":\"Psychologies Belgique\",\"url\":\"https:\\\/\\\/www.psychologies.be\\\/fr\\\/\",\"logo\":{\"@type\":\"ImageObject\",\"inLanguage\":\"fr-FR\",\"@id\":\"https:\\\/\\\/www.psychologies.be\\\/fr\\\/#\\\/schema\\\/logo\\\/image\\\/\",\"url\":\"https:\\\/\\\/www.psychologies.be\\\/fr\\\/wp-content\\\/uploads\\\/2025\\\/03\\\/psychologies-be.png\",\"contentUrl\":\"https:\\\/\\\/www.psychologies.be\\\/fr\\\/wp-content\\\/uploads\\\/2025\\\/03\\\/psychologies-be.png\",\"width\":696,\"height\":696,\"caption\":\"Psychologies Belgique\"},\"image\":{\"@id\":\"https:\\\/\\\/www.psychologies.be\\\/fr\\\/#\\\/schema\\\/logo\\\/image\\\/\"},\"sameAs\":[\"https:\\\/\\\/www.facebook.com\\\/Psychologies\"]},{\"@type\":\"Person\",\"@id\":\"https:\\\/\\\/www.psychologies.be\\\/fr\\\/#\\\/schema\\\/person\\\/d777894ee732d5873a76450a3f5ceca5\",\"name\":\"Christiane Thiry\",\"url\":\"https:\\\/\\\/www.psychologies.be\\\/fr\\\/author\\\/christiane\\\/\"}]}<\/script>\n<!-- \/ Yoast SEO plugin. -->","yoast_head_json":{"title":"Je suis tr\u00e8s inqui\u00e8te pour ma fille qui boit de plus en plus","description":"Nous nous rendons compte qu\u2019elle a commenc\u00e9 \u00e0 boire s\u00e9rieusement. Je suis d\u00e9vast\u00e9e car je viens d\u2019une famille d\u2019alcooliques profonds","robots":{"index":"index","follow":"follow","max-snippet":"max-snippet:-1","max-image-preview":"max-image-preview:large","max-video-preview":"max-video-preview:-1"},"canonical":"https:\/\/www.psychologies.be\/fr\/je-suis-tres-inquiete-pour-ma-fille\/","og_locale":"fr_FR","og_type":"article","og_title":"Je suis tr\u00e8s inqui\u00e8te pour ma fille qui boit de plus en plus","og_description":"Nous nous rendons compte qu\u2019elle a commenc\u00e9 \u00e0 boire s\u00e9rieusement. Je suis d\u00e9vast\u00e9e car je viens d\u2019une famille d\u2019alcooliques profonds","og_url":"https:\/\/www.psychologies.be\/fr\/je-suis-tres-inquiete-pour-ma-fille\/","og_site_name":"Psychologies Belgique","article_publisher":"https:\/\/www.facebook.com\/Psychologies","article_published_time":"2017-02-15T15:10:55+00:00","article_modified_time":"2025-12-15T15:17:07+00:00","og_image":[{"width":647,"height":289,"url":"https:\/\/www.psychologies.be\/fr\/wp-content\/uploads\/2017\/02\/femme-alcool-word.jpg","type":"image\/jpeg"}],"author":"Christiane Thiry","twitter_card":"summary_large_image","twitter_misc":{"\u00c9crit par":"Christiane Thiry","Dur\u00e9e de lecture estim\u00e9e":"3 minutes"},"schema":{"@context":"https:\/\/schema.org","@graph":[{"@type":"Article","@id":"https:\/\/www.psychologies.be\/fr\/je-suis-tres-inquiete-pour-ma-fille\/#article","isPartOf":{"@id":"https:\/\/www.psychologies.be\/fr\/je-suis-tres-inquiete-pour-ma-fille\/"},"author":{"name":"Christiane Thiry","@id":"https:\/\/www.psychologies.be\/fr\/#\/schema\/person\/d777894ee732d5873a76450a3f5ceca5"},"headline":"Je suis tr\u00e8s inqui\u00e8te pour ma fille.\u00a0","datePublished":"2017-02-15T15:10:55+00:00","dateModified":"2025-12-15T15:17:07+00:00","mainEntityOfPage":{"@id":"https:\/\/www.psychologies.be\/fr\/je-suis-tres-inquiete-pour-ma-fille\/"},"wordCount":412,"commentCount":0,"publisher":{"@id":"https:\/\/www.psychologies.be\/fr\/#organization"},"image":{"@id":"https:\/\/www.psychologies.be\/fr\/je-suis-tres-inquiete-pour-ma-fille\/#primaryimage"},"thumbnailUrl":"https:\/\/www.psychologies.be\/fr\/wp-content\/uploads\/2017\/02\/femme-alcool-word.jpg","articleSection":["Famille"],"inLanguage":"fr-FR","potentialAction":[{"@type":"CommentAction","name":"Comment","target":["https:\/\/www.psychologies.be\/fr\/je-suis-tres-inquiete-pour-ma-fille\/#respond"]}]},{"@type":"WebPage","@id":"https:\/\/www.psychologies.be\/fr\/je-suis-tres-inquiete-pour-ma-fille\/","url":"https:\/\/www.psychologies.be\/fr\/je-suis-tres-inquiete-pour-ma-fille\/","name":"Je suis tr\u00e8s inqui\u00e8te pour ma fille qui boit de plus en plus","isPartOf":{"@id":"https:\/\/www.psychologies.be\/fr\/#website"},"primaryImageOfPage":{"@id":"https:\/\/www.psychologies.be\/fr\/je-suis-tres-inquiete-pour-ma-fille\/#primaryimage"},"image":{"@id":"https:\/\/www.psychologies.be\/fr\/je-suis-tres-inquiete-pour-ma-fille\/#primaryimage"},"thumbnailUrl":"https:\/\/www.psychologies.be\/fr\/wp-content\/uploads\/2017\/02\/femme-alcool-word.jpg","datePublished":"2017-02-15T15:10:55+00:00","dateModified":"2025-12-15T15:17:07+00:00","description":"Nous nous rendons compte qu\u2019elle a commenc\u00e9 \u00e0 boire s\u00e9rieusement. Je suis d\u00e9vast\u00e9e car je viens d\u2019une famille d\u2019alcooliques profonds","breadcrumb":{"@id":"https:\/\/www.psychologies.be\/fr\/je-suis-tres-inquiete-pour-ma-fille\/#breadcrumb"},"inLanguage":"fr-FR","potentialAction":[{"@type":"ReadAction","target":["https:\/\/www.psychologies.be\/fr\/je-suis-tres-inquiete-pour-ma-fille\/"]}]},{"@type":"ImageObject","inLanguage":"fr-FR","@id":"https:\/\/www.psychologies.be\/fr\/je-suis-tres-inquiete-pour-ma-fille\/#primaryimage","url":"https:\/\/www.psychologies.be\/fr\/wp-content\/uploads\/2017\/02\/femme-alcool-word.jpg","contentUrl":"https:\/\/www.psychologies.be\/fr\/wp-content\/uploads\/2017\/02\/femme-alcool-word.jpg","width":647,"height":289},{"@type":"BreadcrumbList","@id":"https:\/\/www.psychologies.be\/fr\/je-suis-tres-inquiete-pour-ma-fille\/#breadcrumb","itemListElement":[{"@type":"ListItem","position":1,"name":"Home","item":"https:\/\/www.psychologies.be\/fr\/"},{"@type":"ListItem","position":2,"name":"Famille","item":"https:\/\/www.psychologies.be\/fr\/famille\/"},{"@type":"ListItem","position":3,"name":"Je suis tr\u00e8s inqui\u00e8te pour ma fille.\u00a0"}]},{"@type":"WebSite","@id":"https:\/\/www.psychologies.be\/fr\/#website","url":"https:\/\/www.psychologies.be\/fr\/","name":"Psychologies Belgique","description":"Psychologie, mieux se conna\u00eetre pour mieux vivre sa vie","publisher":{"@id":"https:\/\/www.psychologies.be\/fr\/#organization"},"potentialAction":[{"@type":"SearchAction","target":{"@type":"EntryPoint","urlTemplate":"https:\/\/www.psychologies.be\/fr\/?s={search_term_string}"},"query-input":{"@type":"PropertyValueSpecification","valueRequired":true,"valueName":"search_term_string"}}],"inLanguage":"fr-FR"},{"@type":"Organization","@id":"https:\/\/www.psychologies.be\/fr\/#organization","name":"Psychologies Belgique","url":"https:\/\/www.psychologies.be\/fr\/","logo":{"@type":"ImageObject","inLanguage":"fr-FR","@id":"https:\/\/www.psychologies.be\/fr\/#\/schema\/logo\/image\/","url":"https:\/\/www.psychologies.be\/fr\/wp-content\/uploads\/2025\/03\/psychologies-be.png","contentUrl":"https:\/\/www.psychologies.be\/fr\/wp-content\/uploads\/2025\/03\/psychologies-be.png","width":696,"height":696,"caption":"Psychologies Belgique"},"image":{"@id":"https:\/\/www.psychologies.be\/fr\/#\/schema\/logo\/image\/"},"sameAs":["https:\/\/www.facebook.com\/Psychologies"]},{"@type":"Person","@id":"https:\/\/www.psychologies.be\/fr\/#\/schema\/person\/d777894ee732d5873a76450a3f5ceca5","name":"Christiane Thiry","url":"https:\/\/www.psychologies.be\/fr\/author\/christiane\/"}]}},"_links":{"self":[{"href":"https:\/\/www.psychologies.be\/fr\/wp-json\/wp\/v2\/posts\/3714","targetHints":{"allow":["GET"]}}],"collection":[{"href":"https:\/\/www.psychologies.be\/fr\/wp-json\/wp\/v2\/posts"}],"about":[{"href":"https:\/\/www.psychologies.be\/fr\/wp-json\/wp\/v2\/types\/post"}],"author":[{"embeddable":true,"href":"https:\/\/www.psychologies.be\/fr\/wp-json\/wp\/v2\/users\/4"}],"replies":[{"embeddable":true,"href":"https:\/\/www.psychologies.be\/fr\/wp-json\/wp\/v2\/comments?post=3714"}],"version-history":[{"count":1,"href":"https:\/\/www.psychologies.be\/fr\/wp-json\/wp\/v2\/posts\/3714\/revisions"}],"predecessor-version":[{"id":13725,"href":"https:\/\/www.psychologies.be\/fr\/wp-json\/wp\/v2\/posts\/3714\/revisions\/13725"}],"wp:featuredmedia":[{"embeddable":true,"href":"https:\/\/www.psychologies.be\/fr\/wp-json\/wp\/v2\/media\/3716"}],"wp:attachment":[{"href":"https:\/\/www.psychologies.be\/fr\/wp-json\/wp\/v2\/media?parent=3714"}],"wp:term":[{"taxonomy":"category","embeddable":true,"href":"https:\/\/www.psychologies.be\/fr\/wp-json\/wp\/v2\/categories?post=3714"},{"taxonomy":"post_tag","embeddable":true,"href":"https:\/\/www.psychologies.be\/fr\/wp-json\/wp\/v2\/tags?post=3714"}],"curies":[{"name":"wp","href":"https:\/\/api.w.org\/{rel}","templated":true}]}}