{"id":4137,"date":"2017-05-04T21:57:51","date_gmt":"2017-05-04T19:57:51","guid":{"rendered":"http:\/\/www.psychologies.be\/com\/?p=4137"},"modified":"2025-12-15T15:28:05","modified_gmt":"2025-12-15T14:28:05","slug":"une-conference-sur-la-medecine-traditionnelle-amazonienne-et-les-plantes-de-vision","status":"publish","type":"post","link":"https:\/\/www.psychologies.be\/fr\/une-conference-sur-la-medecine-traditionnelle-amazonienne-et-les-plantes-de-vision\/","title":{"rendered":"Une conf\u00e9rence sur la m\u00e9decine traditionnelle amazonienne et les plantes de vision"},"content":{"rendered":"","protected":false},"excerpt":{"rendered":"Les m\u00e9decines traditionnelles am\u00e9rindiennes, mill\u00e9naires dans leurs pratiques et leur savoir empirique, font un constant appel aux processus psychiques les plus profonds, notamment gr\u00e2ce aux plantes de vision, mais \u00e9galement aux plantes dites \u00abma\u00eetresses\u00bb ainsi qu\u2019aux purges et aux di\u00e8tes en isolement.","protected":false},"author":4,"featured_media":4138,"comment_status":"open","ping_status":"closed","sticky":false,"template":"","format":"standard","meta":{"_acf_changed":false,"footnotes":""},"categories":[474],"tags":[],"class_list":["post-4137","post","type-post","status-publish","format-standard","has-post-thumbnail","hentry","category-sante"],"acf":[],"_yoast_wpseo_metadesc":"Les m\u00e9decines traditionnelles am\u00e9rindiennes, font un constant appel aux processus psychiques les plus profonds, notamment gr\u00e2ce aux plantes de vision","_yoast_wpseo_title":"Une conf\u00e9rence sur la m\u00e9decine traditionnelle amazonienne","yoast_head":"<!-- This site is optimized with the Yoast SEO plugin v27.3 - https:\/\/yoast.com\/product\/yoast-seo-wordpress\/ -->\n<title>Une conf\u00e9rence sur la m\u00e9decine traditionnelle amazonienne<\/title>\n<meta name=\"description\" content=\"Les m\u00e9decines traditionnelles am\u00e9rindiennes, font un constant appel aux processus psychiques les plus profonds, notamment gr\u00e2ce aux plantes de vision\" \/>\n<meta name=\"robots\" content=\"index, follow, max-snippet:-1, max-image-preview:large, max-video-preview:-1\" \/>\n<link rel=\"canonical\" href=\"https:\/\/www.psychologies.be\/fr\/une-conference-sur-la-medecine-traditionnelle-amazonienne-et-les-plantes-de-vision\/\" \/>\n<meta property=\"og:locale\" content=\"fr_FR\" \/>\n<meta property=\"og:type\" content=\"article\" \/>\n<meta property=\"og:title\" content=\"Une conf\u00e9rence sur la m\u00e9decine traditionnelle amazonienne\" \/>\n<meta property=\"og:description\" content=\"Les m\u00e9decines traditionnelles am\u00e9rindiennes, font un constant appel aux processus psychiques les plus profonds, notamment gr\u00e2ce aux plantes de vision\" \/>\n<meta property=\"og:url\" content=\"https:\/\/www.psychologies.be\/fr\/une-conference-sur-la-medecine-traditionnelle-amazonienne-et-les-plantes-de-vision\/\" \/>\n<meta property=\"og:site_name\" content=\"Psychologies Belgique\" \/>\n<meta property=\"article:publisher\" content=\"https:\/\/www.facebook.com\/Psychologies\" \/>\n<meta property=\"article:published_time\" content=\"2017-05-04T19:57:51+00:00\" \/>\n<meta property=\"article:modified_time\" content=\"2025-12-15T14:28:05+00:00\" \/>\n<meta property=\"og:image\" content=\"https:\/\/www.psychologies.be\/fr\/wp-content\/uploads\/2017\/05\/medeceine-amazonienne-word.jpg\" \/>\n\t<meta property=\"og:image:width\" content=\"647\" \/>\n\t<meta property=\"og:image:height\" content=\"289\" \/>\n\t<meta property=\"og:image:type\" content=\"image\/jpeg\" \/>\n<meta name=\"author\" content=\"Christiane Thiry\" \/>\n<meta name=\"twitter:card\" content=\"summary_large_image\" \/>\n<meta name=\"twitter:label1\" content=\"\u00c9crit par\" \/>\n\t<meta name=\"twitter:data1\" content=\"Christiane Thiry\" \/>\n\t<meta name=\"twitter:label2\" content=\"Dur\u00e9e de lecture estim\u00e9e\" \/>\n\t<meta name=\"twitter:data2\" content=\"2 minutes\" \/>\n<script type=\"application\/ld+json\" class=\"yoast-schema-graph\">{\"@context\":\"https:\\\/\\\/schema.org\",\"@graph\":[{\"@type\":\"Article\",\"@id\":\"https:\\\/\\\/www.psychologies.be\\\/fr\\\/une-conference-sur-la-medecine-traditionnelle-amazonienne-et-les-plantes-de-vision\\\/#article\",\"isPartOf\":{\"@id\":\"https:\\\/\\\/www.psychologies.be\\\/fr\\\/une-conference-sur-la-medecine-traditionnelle-amazonienne-et-les-plantes-de-vision\\\/\"},\"author\":{\"name\":\"Christiane Thiry\",\"@id\":\"https:\\\/\\\/www.psychologies.be\\\/fr\\\/#\\\/schema\\\/person\\\/d777894ee732d5873a76450a3f5ceca5\"},\"headline\":\"Une conf\u00e9rence sur la m\u00e9decine traditionnelle amazonienne et les plantes de vision\",\"datePublished\":\"2017-05-04T19:57:51+00:00\",\"dateModified\":\"2025-12-15T14:28:05+00:00\",\"mainEntityOfPage\":{\"@id\":\"https:\\\/\\\/www.psychologies.be\\\/fr\\\/une-conference-sur-la-medecine-traditionnelle-amazonienne-et-les-plantes-de-vision\\\/\"},\"wordCount\":240,\"commentCount\":0,\"publisher\":{\"@id\":\"https:\\\/\\\/www.psychologies.be\\\/fr\\\/#organization\"},\"image\":{\"@id\":\"https:\\\/\\\/www.psychologies.be\\\/fr\\\/une-conference-sur-la-medecine-traditionnelle-amazonienne-et-les-plantes-de-vision\\\/#primaryimage\"},\"thumbnailUrl\":\"https:\\\/\\\/www.psychologies.be\\\/fr\\\/wp-content\\\/uploads\\\/2017\\\/05\\\/medeceine-amazonienne-word.jpg\",\"articleSection\":[\"Sant\u00e9\"],\"inLanguage\":\"fr-FR\",\"potentialAction\":[{\"@type\":\"CommentAction\",\"name\":\"Comment\",\"target\":[\"https:\\\/\\\/www.psychologies.be\\\/fr\\\/une-conference-sur-la-medecine-traditionnelle-amazonienne-et-les-plantes-de-vision\\\/#respond\"]}]},{\"@type\":\"WebPage\",\"@id\":\"https:\\\/\\\/www.psychologies.be\\\/fr\\\/une-conference-sur-la-medecine-traditionnelle-amazonienne-et-les-plantes-de-vision\\\/\",\"url\":\"https:\\\/\\\/www.psychologies.be\\\/fr\\\/une-conference-sur-la-medecine-traditionnelle-amazonienne-et-les-plantes-de-vision\\\/\",\"name\":\"Une conf\u00e9rence sur la m\u00e9decine traditionnelle amazonienne\",\"isPartOf\":{\"@id\":\"https:\\\/\\\/www.psychologies.be\\\/fr\\\/#website\"},\"primaryImageOfPage\":{\"@id\":\"https:\\\/\\\/www.psychologies.be\\\/fr\\\/une-conference-sur-la-medecine-traditionnelle-amazonienne-et-les-plantes-de-vision\\\/#primaryimage\"},\"image\":{\"@id\":\"https:\\\/\\\/www.psychologies.be\\\/fr\\\/une-conference-sur-la-medecine-traditionnelle-amazonienne-et-les-plantes-de-vision\\\/#primaryimage\"},\"thumbnailUrl\":\"https:\\\/\\\/www.psychologies.be\\\/fr\\\/wp-content\\\/uploads\\\/2017\\\/05\\\/medeceine-amazonienne-word.jpg\",\"datePublished\":\"2017-05-04T19:57:51+00:00\",\"dateModified\":\"2025-12-15T14:28:05+00:00\",\"description\":\"Les m\u00e9decines traditionnelles am\u00e9rindiennes, font un constant appel aux processus psychiques les plus profonds, notamment gr\u00e2ce aux plantes de vision\",\"breadcrumb\":{\"@id\":\"https:\\\/\\\/www.psychologies.be\\\/fr\\\/une-conference-sur-la-medecine-traditionnelle-amazonienne-et-les-plantes-de-vision\\\/#breadcrumb\"},\"inLanguage\":\"fr-FR\",\"potentialAction\":[{\"@type\":\"ReadAction\",\"target\":[\"https:\\\/\\\/www.psychologies.be\\\/fr\\\/une-conference-sur-la-medecine-traditionnelle-amazonienne-et-les-plantes-de-vision\\\/\"]}]},{\"@type\":\"ImageObject\",\"inLanguage\":\"fr-FR\",\"@id\":\"https:\\\/\\\/www.psychologies.be\\\/fr\\\/une-conference-sur-la-medecine-traditionnelle-amazonienne-et-les-plantes-de-vision\\\/#primaryimage\",\"url\":\"https:\\\/\\\/www.psychologies.be\\\/fr\\\/wp-content\\\/uploads\\\/2017\\\/05\\\/medeceine-amazonienne-word.jpg\",\"contentUrl\":\"https:\\\/\\\/www.psychologies.be\\\/fr\\\/wp-content\\\/uploads\\\/2017\\\/05\\\/medeceine-amazonienne-word.jpg\",\"width\":647,\"height\":289},{\"@type\":\"BreadcrumbList\",\"@id\":\"https:\\\/\\\/www.psychologies.be\\\/fr\\\/une-conference-sur-la-medecine-traditionnelle-amazonienne-et-les-plantes-de-vision\\\/#breadcrumb\",\"itemListElement\":[{\"@type\":\"ListItem\",\"position\":1,\"name\":\"Home\",\"item\":\"https:\\\/\\\/www.psychologies.be\\\/fr\\\/\"},{\"@type\":\"ListItem\",\"position\":2,\"name\":\"Sant\u00e9\",\"item\":\"https:\\\/\\\/www.psychologies.be\\\/fr\\\/sante\\\/\"},{\"@type\":\"ListItem\",\"position\":3,\"name\":\"Une conf\u00e9rence sur la m\u00e9decine traditionnelle amazonienne et les plantes de vision\"}]},{\"@type\":\"WebSite\",\"@id\":\"https:\\\/\\\/www.psychologies.be\\\/fr\\\/#website\",\"url\":\"https:\\\/\\\/www.psychologies.be\\\/fr\\\/\",\"name\":\"Psychologies Belgique\",\"description\":\"Psychologie, mieux se conna\u00eetre pour mieux vivre sa vie\",\"publisher\":{\"@id\":\"https:\\\/\\\/www.psychologies.be\\\/fr\\\/#organization\"},\"potentialAction\":[{\"@type\":\"SearchAction\",\"target\":{\"@type\":\"EntryPoint\",\"urlTemplate\":\"https:\\\/\\\/www.psychologies.be\\\/fr\\\/?s={search_term_string}\"},\"query-input\":{\"@type\":\"PropertyValueSpecification\",\"valueRequired\":true,\"valueName\":\"search_term_string\"}}],\"inLanguage\":\"fr-FR\"},{\"@type\":\"Organization\",\"@id\":\"https:\\\/\\\/www.psychologies.be\\\/fr\\\/#organization\",\"name\":\"Psychologies Belgique\",\"url\":\"https:\\\/\\\/www.psychologies.be\\\/fr\\\/\",\"logo\":{\"@type\":\"ImageObject\",\"inLanguage\":\"fr-FR\",\"@id\":\"https:\\\/\\\/www.psychologies.be\\\/fr\\\/#\\\/schema\\\/logo\\\/image\\\/\",\"url\":\"https:\\\/\\\/www.psychologies.be\\\/fr\\\/wp-content\\\/uploads\\\/2025\\\/03\\\/psychologies-be.png\",\"contentUrl\":\"https:\\\/\\\/www.psychologies.be\\\/fr\\\/wp-content\\\/uploads\\\/2025\\\/03\\\/psychologies-be.png\",\"width\":696,\"height\":696,\"caption\":\"Psychologies Belgique\"},\"image\":{\"@id\":\"https:\\\/\\\/www.psychologies.be\\\/fr\\\/#\\\/schema\\\/logo\\\/image\\\/\"},\"sameAs\":[\"https:\\\/\\\/www.facebook.com\\\/Psychologies\"]},{\"@type\":\"Person\",\"@id\":\"https:\\\/\\\/www.psychologies.be\\\/fr\\\/#\\\/schema\\\/person\\\/d777894ee732d5873a76450a3f5ceca5\",\"name\":\"Christiane Thiry\",\"url\":\"https:\\\/\\\/www.psychologies.be\\\/fr\\\/author\\\/christiane\\\/\"}]}<\/script>\n<!-- \/ Yoast SEO plugin. -->","yoast_head_json":{"title":"Une conf\u00e9rence sur la m\u00e9decine traditionnelle amazonienne","description":"Les m\u00e9decines traditionnelles am\u00e9rindiennes, font un constant appel aux processus psychiques les plus profonds, notamment gr\u00e2ce aux plantes de vision","robots":{"index":"index","follow":"follow","max-snippet":"max-snippet:-1","max-image-preview":"max-image-preview:large","max-video-preview":"max-video-preview:-1"},"canonical":"https:\/\/www.psychologies.be\/fr\/une-conference-sur-la-medecine-traditionnelle-amazonienne-et-les-plantes-de-vision\/","og_locale":"fr_FR","og_type":"article","og_title":"Une conf\u00e9rence sur la m\u00e9decine traditionnelle amazonienne","og_description":"Les m\u00e9decines traditionnelles am\u00e9rindiennes, font un constant appel aux processus psychiques les plus profonds, notamment gr\u00e2ce aux plantes de vision","og_url":"https:\/\/www.psychologies.be\/fr\/une-conference-sur-la-medecine-traditionnelle-amazonienne-et-les-plantes-de-vision\/","og_site_name":"Psychologies Belgique","article_publisher":"https:\/\/www.facebook.com\/Psychologies","article_published_time":"2017-05-04T19:57:51+00:00","article_modified_time":"2025-12-15T14:28:05+00:00","og_image":[{"width":647,"height":289,"url":"https:\/\/www.psychologies.be\/fr\/wp-content\/uploads\/2017\/05\/medeceine-amazonienne-word.jpg","type":"image\/jpeg"}],"author":"Christiane Thiry","twitter_card":"summary_large_image","twitter_misc":{"\u00c9crit par":"Christiane Thiry","Dur\u00e9e de lecture estim\u00e9e":"2 minutes"},"schema":{"@context":"https:\/\/schema.org","@graph":[{"@type":"Article","@id":"https:\/\/www.psychologies.be\/fr\/une-conference-sur-la-medecine-traditionnelle-amazonienne-et-les-plantes-de-vision\/#article","isPartOf":{"@id":"https:\/\/www.psychologies.be\/fr\/une-conference-sur-la-medecine-traditionnelle-amazonienne-et-les-plantes-de-vision\/"},"author":{"name":"Christiane Thiry","@id":"https:\/\/www.psychologies.be\/fr\/#\/schema\/person\/d777894ee732d5873a76450a3f5ceca5"},"headline":"Une conf\u00e9rence sur la m\u00e9decine traditionnelle amazonienne et les plantes de vision","datePublished":"2017-05-04T19:57:51+00:00","dateModified":"2025-12-15T14:28:05+00:00","mainEntityOfPage":{"@id":"https:\/\/www.psychologies.be\/fr\/une-conference-sur-la-medecine-traditionnelle-amazonienne-et-les-plantes-de-vision\/"},"wordCount":240,"commentCount":0,"publisher":{"@id":"https:\/\/www.psychologies.be\/fr\/#organization"},"image":{"@id":"https:\/\/www.psychologies.be\/fr\/une-conference-sur-la-medecine-traditionnelle-amazonienne-et-les-plantes-de-vision\/#primaryimage"},"thumbnailUrl":"https:\/\/www.psychologies.be\/fr\/wp-content\/uploads\/2017\/05\/medeceine-amazonienne-word.jpg","articleSection":["Sant\u00e9"],"inLanguage":"fr-FR","potentialAction":[{"@type":"CommentAction","name":"Comment","target":["https:\/\/www.psychologies.be\/fr\/une-conference-sur-la-medecine-traditionnelle-amazonienne-et-les-plantes-de-vision\/#respond"]}]},{"@type":"WebPage","@id":"https:\/\/www.psychologies.be\/fr\/une-conference-sur-la-medecine-traditionnelle-amazonienne-et-les-plantes-de-vision\/","url":"https:\/\/www.psychologies.be\/fr\/une-conference-sur-la-medecine-traditionnelle-amazonienne-et-les-plantes-de-vision\/","name":"Une conf\u00e9rence sur la m\u00e9decine traditionnelle amazonienne","isPartOf":{"@id":"https:\/\/www.psychologies.be\/fr\/#website"},"primaryImageOfPage":{"@id":"https:\/\/www.psychologies.be\/fr\/une-conference-sur-la-medecine-traditionnelle-amazonienne-et-les-plantes-de-vision\/#primaryimage"},"image":{"@id":"https:\/\/www.psychologies.be\/fr\/une-conference-sur-la-medecine-traditionnelle-amazonienne-et-les-plantes-de-vision\/#primaryimage"},"thumbnailUrl":"https:\/\/www.psychologies.be\/fr\/wp-content\/uploads\/2017\/05\/medeceine-amazonienne-word.jpg","datePublished":"2017-05-04T19:57:51+00:00","dateModified":"2025-12-15T14:28:05+00:00","description":"Les m\u00e9decines traditionnelles am\u00e9rindiennes, font un constant appel aux processus psychiques les plus profonds, notamment gr\u00e2ce aux plantes de vision","breadcrumb":{"@id":"https:\/\/www.psychologies.be\/fr\/une-conference-sur-la-medecine-traditionnelle-amazonienne-et-les-plantes-de-vision\/#breadcrumb"},"inLanguage":"fr-FR","potentialAction":[{"@type":"ReadAction","target":["https:\/\/www.psychologies.be\/fr\/une-conference-sur-la-medecine-traditionnelle-amazonienne-et-les-plantes-de-vision\/"]}]},{"@type":"ImageObject","inLanguage":"fr-FR","@id":"https:\/\/www.psychologies.be\/fr\/une-conference-sur-la-medecine-traditionnelle-amazonienne-et-les-plantes-de-vision\/#primaryimage","url":"https:\/\/www.psychologies.be\/fr\/wp-content\/uploads\/2017\/05\/medeceine-amazonienne-word.jpg","contentUrl":"https:\/\/www.psychologies.be\/fr\/wp-content\/uploads\/2017\/05\/medeceine-amazonienne-word.jpg","width":647,"height":289},{"@type":"BreadcrumbList","@id":"https:\/\/www.psychologies.be\/fr\/une-conference-sur-la-medecine-traditionnelle-amazonienne-et-les-plantes-de-vision\/#breadcrumb","itemListElement":[{"@type":"ListItem","position":1,"name":"Home","item":"https:\/\/www.psychologies.be\/fr\/"},{"@type":"ListItem","position":2,"name":"Sant\u00e9","item":"https:\/\/www.psychologies.be\/fr\/sante\/"},{"@type":"ListItem","position":3,"name":"Une conf\u00e9rence sur la m\u00e9decine traditionnelle amazonienne et les plantes de vision"}]},{"@type":"WebSite","@id":"https:\/\/www.psychologies.be\/fr\/#website","url":"https:\/\/www.psychologies.be\/fr\/","name":"Psychologies Belgique","description":"Psychologie, mieux se conna\u00eetre pour mieux vivre sa vie","publisher":{"@id":"https:\/\/www.psychologies.be\/fr\/#organization"},"potentialAction":[{"@type":"SearchAction","target":{"@type":"EntryPoint","urlTemplate":"https:\/\/www.psychologies.be\/fr\/?s={search_term_string}"},"query-input":{"@type":"PropertyValueSpecification","valueRequired":true,"valueName":"search_term_string"}}],"inLanguage":"fr-FR"},{"@type":"Organization","@id":"https:\/\/www.psychologies.be\/fr\/#organization","name":"Psychologies Belgique","url":"https:\/\/www.psychologies.be\/fr\/","logo":{"@type":"ImageObject","inLanguage":"fr-FR","@id":"https:\/\/www.psychologies.be\/fr\/#\/schema\/logo\/image\/","url":"https:\/\/www.psychologies.be\/fr\/wp-content\/uploads\/2025\/03\/psychologies-be.png","contentUrl":"https:\/\/www.psychologies.be\/fr\/wp-content\/uploads\/2025\/03\/psychologies-be.png","width":696,"height":696,"caption":"Psychologies Belgique"},"image":{"@id":"https:\/\/www.psychologies.be\/fr\/#\/schema\/logo\/image\/"},"sameAs":["https:\/\/www.facebook.com\/Psychologies"]},{"@type":"Person","@id":"https:\/\/www.psychologies.be\/fr\/#\/schema\/person\/d777894ee732d5873a76450a3f5ceca5","name":"Christiane Thiry","url":"https:\/\/www.psychologies.be\/fr\/author\/christiane\/"}]}},"_links":{"self":[{"href":"https:\/\/www.psychologies.be\/fr\/wp-json\/wp\/v2\/posts\/4137","targetHints":{"allow":["GET"]}}],"collection":[{"href":"https:\/\/www.psychologies.be\/fr\/wp-json\/wp\/v2\/posts"}],"about":[{"href":"https:\/\/www.psychologies.be\/fr\/wp-json\/wp\/v2\/types\/post"}],"author":[{"embeddable":true,"href":"https:\/\/www.psychologies.be\/fr\/wp-json\/wp\/v2\/users\/4"}],"replies":[{"embeddable":true,"href":"https:\/\/www.psychologies.be\/fr\/wp-json\/wp\/v2\/comments?post=4137"}],"version-history":[{"count":1,"href":"https:\/\/www.psychologies.be\/fr\/wp-json\/wp\/v2\/posts\/4137\/revisions"}],"predecessor-version":[{"id":13660,"href":"https:\/\/www.psychologies.be\/fr\/wp-json\/wp\/v2\/posts\/4137\/revisions\/13660"}],"wp:featuredmedia":[{"embeddable":true,"href":"https:\/\/www.psychologies.be\/fr\/wp-json\/wp\/v2\/media\/4138"}],"wp:attachment":[{"href":"https:\/\/www.psychologies.be\/fr\/wp-json\/wp\/v2\/media?parent=4137"}],"wp:term":[{"taxonomy":"category","embeddable":true,"href":"https:\/\/www.psychologies.be\/fr\/wp-json\/wp\/v2\/categories?post=4137"},{"taxonomy":"post_tag","embeddable":true,"href":"https:\/\/www.psychologies.be\/fr\/wp-json\/wp\/v2\/tags?post=4137"}],"curies":[{"name":"wp","href":"https:\/\/api.w.org\/{rel}","templated":true}]}}