{"id":4442,"date":"2017-07-12T13:16:26","date_gmt":"2017-07-12T11:16:26","guid":{"rendered":"http:\/\/www.psychologies.be\/com\/?p=4442"},"modified":"2025-12-15T14:59:26","modified_gmt":"2025-12-15T13:59:26","slug":"du-11-juillet-au-5-aout-a-21h-infos-sur-httpwww-fracasse-be","status":"publish","type":"post","link":"https:\/\/www.psychologies.be\/fr\/du-11-juillet-au-5-aout-a-21h-infos-sur-httpwww-fracasse-be\/","title":{"rendered":"Le retour du &#8220;cape et d&#8217;\u00e9p\u00e9e&#8221; \u00e0 Villers\u00a0"},"content":{"rendered":"","protected":false},"excerpt":{"rendered":"Adapt\u00e9 du roman de Th\u00e9ophile Gautier, Le Capitaine Fracasse\u00a0 entra\u00eenera les spectateurs, de p\u00e9rip\u00e9ties en rebondissements, dans un tourbillon d\u2019actions m\u00ealant les intrigues amoureuses, les complots, les duels \u00e0 l\u2019\u00e9p\u00e9e et les poursuites acharn\u00e9es, dans le sillage d\u2019une troupe de th\u00e9\u00e2tre itin\u00e9rante.","protected":false},"author":4,"featured_media":4443,"comment_status":"open","ping_status":"closed","sticky":false,"template":"","format":"standard","meta":{"_acf_changed":false,"footnotes":""},"categories":[471],"tags":[],"class_list":["post-4442","post","type-post","status-publish","format-standard","has-post-thumbnail","hentry","category-famille"],"acf":[],"_yoast_wpseo_metadesc":"Comme chaque \u00e9t\u00e9, l\u2019Abbaye de Villers sera l\u2019\u00e9crin d\u2019une r\u00e9alisation th\u00e9\u00e2trale spectaculaire: une importante distribution,","_yoast_wpseo_title":"Le retour du \"cape et d'\u00e9p\u00e9e\" \u00e0 Villers\u00a0","yoast_head":"<!-- This site is optimized with the Yoast SEO plugin v27.3 - https:\/\/yoast.com\/product\/yoast-seo-wordpress\/ -->\n<title>Le retour du &quot;cape et d&#039;\u00e9p\u00e9e&quot; \u00e0 Villers\u00a0<\/title>\n<meta name=\"description\" content=\"Comme chaque \u00e9t\u00e9, l\u2019Abbaye de Villers sera l\u2019\u00e9crin d\u2019une r\u00e9alisation th\u00e9\u00e2trale spectaculaire: une importante distribution,\" \/>\n<meta name=\"robots\" content=\"index, follow, max-snippet:-1, max-image-preview:large, max-video-preview:-1\" \/>\n<link rel=\"canonical\" href=\"https:\/\/www.psychologies.be\/fr\/du-11-juillet-au-5-aout-a-21h-infos-sur-httpwww-fracasse-be\/\" \/>\n<meta property=\"og:locale\" content=\"fr_FR\" \/>\n<meta property=\"og:type\" content=\"article\" \/>\n<meta property=\"og:title\" content=\"Le retour du &quot;cape et d&#039;\u00e9p\u00e9e&quot; \u00e0 Villers\u00a0\" \/>\n<meta property=\"og:description\" content=\"Comme chaque \u00e9t\u00e9, l\u2019Abbaye de Villers sera l\u2019\u00e9crin d\u2019une r\u00e9alisation th\u00e9\u00e2trale spectaculaire: une importante distribution,\" \/>\n<meta property=\"og:url\" content=\"https:\/\/www.psychologies.be\/fr\/du-11-juillet-au-5-aout-a-21h-infos-sur-httpwww-fracasse-be\/\" \/>\n<meta property=\"og:site_name\" content=\"Psychologies Belgique\" \/>\n<meta property=\"article:publisher\" content=\"https:\/\/www.facebook.com\/Psychologies\" \/>\n<meta property=\"article:published_time\" content=\"2017-07-12T11:16:26+00:00\" \/>\n<meta property=\"article:modified_time\" content=\"2025-12-15T13:59:26+00:00\" \/>\n<meta property=\"og:image\" content=\"https:\/\/www.psychologies.be\/fr\/wp-content\/uploads\/2017\/07\/capitaine-fracasse-word.jpg\" \/>\n\t<meta property=\"og:image:width\" content=\"649\" \/>\n\t<meta property=\"og:image:height\" content=\"289\" \/>\n\t<meta property=\"og:image:type\" content=\"image\/jpeg\" \/>\n<meta name=\"author\" content=\"Christiane Thiry\" \/>\n<meta name=\"twitter:card\" content=\"summary_large_image\" \/>\n<meta name=\"twitter:label1\" content=\"\u00c9crit par\" \/>\n\t<meta name=\"twitter:data1\" content=\"Christiane Thiry\" \/>\n\t<meta name=\"twitter:label2\" content=\"Dur\u00e9e de lecture estim\u00e9e\" \/>\n\t<meta name=\"twitter:data2\" content=\"2 minutes\" \/>\n<script type=\"application\/ld+json\" class=\"yoast-schema-graph\">{\"@context\":\"https:\\\/\\\/schema.org\",\"@graph\":[{\"@type\":\"Article\",\"@id\":\"https:\\\/\\\/www.psychologies.be\\\/fr\\\/du-11-juillet-au-5-aout-a-21h-infos-sur-httpwww-fracasse-be\\\/#article\",\"isPartOf\":{\"@id\":\"https:\\\/\\\/www.psychologies.be\\\/fr\\\/du-11-juillet-au-5-aout-a-21h-infos-sur-httpwww-fracasse-be\\\/\"},\"author\":{\"name\":\"Christiane Thiry\",\"@id\":\"https:\\\/\\\/www.psychologies.be\\\/fr\\\/#\\\/schema\\\/person\\\/d777894ee732d5873a76450a3f5ceca5\"},\"headline\":\"Le retour du &#8220;cape et d&#8217;\u00e9p\u00e9e&#8221; \u00e0 Villers\u00a0\",\"datePublished\":\"2017-07-12T11:16:26+00:00\",\"dateModified\":\"2025-12-15T13:59:26+00:00\",\"mainEntityOfPage\":{\"@id\":\"https:\\\/\\\/www.psychologies.be\\\/fr\\\/du-11-juillet-au-5-aout-a-21h-infos-sur-httpwww-fracasse-be\\\/\"},\"wordCount\":281,\"commentCount\":0,\"publisher\":{\"@id\":\"https:\\\/\\\/www.psychologies.be\\\/fr\\\/#organization\"},\"image\":{\"@id\":\"https:\\\/\\\/www.psychologies.be\\\/fr\\\/du-11-juillet-au-5-aout-a-21h-infos-sur-httpwww-fracasse-be\\\/#primaryimage\"},\"thumbnailUrl\":\"https:\\\/\\\/www.psychologies.be\\\/fr\\\/wp-content\\\/uploads\\\/2017\\\/07\\\/capitaine-fracasse-word.jpg\",\"articleSection\":[\"Famille\"],\"inLanguage\":\"fr-FR\",\"potentialAction\":[{\"@type\":\"CommentAction\",\"name\":\"Comment\",\"target\":[\"https:\\\/\\\/www.psychologies.be\\\/fr\\\/du-11-juillet-au-5-aout-a-21h-infos-sur-httpwww-fracasse-be\\\/#respond\"]}]},{\"@type\":\"WebPage\",\"@id\":\"https:\\\/\\\/www.psychologies.be\\\/fr\\\/du-11-juillet-au-5-aout-a-21h-infos-sur-httpwww-fracasse-be\\\/\",\"url\":\"https:\\\/\\\/www.psychologies.be\\\/fr\\\/du-11-juillet-au-5-aout-a-21h-infos-sur-httpwww-fracasse-be\\\/\",\"name\":\"Le retour du \\\"cape et d'\u00e9p\u00e9e\\\" \u00e0 Villers\u00a0\",\"isPartOf\":{\"@id\":\"https:\\\/\\\/www.psychologies.be\\\/fr\\\/#website\"},\"primaryImageOfPage\":{\"@id\":\"https:\\\/\\\/www.psychologies.be\\\/fr\\\/du-11-juillet-au-5-aout-a-21h-infos-sur-httpwww-fracasse-be\\\/#primaryimage\"},\"image\":{\"@id\":\"https:\\\/\\\/www.psychologies.be\\\/fr\\\/du-11-juillet-au-5-aout-a-21h-infos-sur-httpwww-fracasse-be\\\/#primaryimage\"},\"thumbnailUrl\":\"https:\\\/\\\/www.psychologies.be\\\/fr\\\/wp-content\\\/uploads\\\/2017\\\/07\\\/capitaine-fracasse-word.jpg\",\"datePublished\":\"2017-07-12T11:16:26+00:00\",\"dateModified\":\"2025-12-15T13:59:26+00:00\",\"description\":\"Comme chaque \u00e9t\u00e9, l\u2019Abbaye de Villers sera l\u2019\u00e9crin d\u2019une r\u00e9alisation th\u00e9\u00e2trale spectaculaire: une importante distribution,\",\"breadcrumb\":{\"@id\":\"https:\\\/\\\/www.psychologies.be\\\/fr\\\/du-11-juillet-au-5-aout-a-21h-infos-sur-httpwww-fracasse-be\\\/#breadcrumb\"},\"inLanguage\":\"fr-FR\",\"potentialAction\":[{\"@type\":\"ReadAction\",\"target\":[\"https:\\\/\\\/www.psychologies.be\\\/fr\\\/du-11-juillet-au-5-aout-a-21h-infos-sur-httpwww-fracasse-be\\\/\"]}]},{\"@type\":\"ImageObject\",\"inLanguage\":\"fr-FR\",\"@id\":\"https:\\\/\\\/www.psychologies.be\\\/fr\\\/du-11-juillet-au-5-aout-a-21h-infos-sur-httpwww-fracasse-be\\\/#primaryimage\",\"url\":\"https:\\\/\\\/www.psychologies.be\\\/fr\\\/wp-content\\\/uploads\\\/2017\\\/07\\\/capitaine-fracasse-word.jpg\",\"contentUrl\":\"https:\\\/\\\/www.psychologies.be\\\/fr\\\/wp-content\\\/uploads\\\/2017\\\/07\\\/capitaine-fracasse-word.jpg\",\"width\":649,\"height\":289},{\"@type\":\"BreadcrumbList\",\"@id\":\"https:\\\/\\\/www.psychologies.be\\\/fr\\\/du-11-juillet-au-5-aout-a-21h-infos-sur-httpwww-fracasse-be\\\/#breadcrumb\",\"itemListElement\":[{\"@type\":\"ListItem\",\"position\":1,\"name\":\"Home\",\"item\":\"https:\\\/\\\/www.psychologies.be\\\/fr\\\/\"},{\"@type\":\"ListItem\",\"position\":2,\"name\":\"Famille\",\"item\":\"https:\\\/\\\/www.psychologies.be\\\/fr\\\/famille\\\/\"},{\"@type\":\"ListItem\",\"position\":3,\"name\":\"Le retour du &#8220;cape et d&#8217;\u00e9p\u00e9e&#8221; \u00e0 Villers\u00a0\"}]},{\"@type\":\"WebSite\",\"@id\":\"https:\\\/\\\/www.psychologies.be\\\/fr\\\/#website\",\"url\":\"https:\\\/\\\/www.psychologies.be\\\/fr\\\/\",\"name\":\"Psychologies Belgique\",\"description\":\"Psychologie, mieux se conna\u00eetre pour mieux vivre sa vie\",\"publisher\":{\"@id\":\"https:\\\/\\\/www.psychologies.be\\\/fr\\\/#organization\"},\"potentialAction\":[{\"@type\":\"SearchAction\",\"target\":{\"@type\":\"EntryPoint\",\"urlTemplate\":\"https:\\\/\\\/www.psychologies.be\\\/fr\\\/?s={search_term_string}\"},\"query-input\":{\"@type\":\"PropertyValueSpecification\",\"valueRequired\":true,\"valueName\":\"search_term_string\"}}],\"inLanguage\":\"fr-FR\"},{\"@type\":\"Organization\",\"@id\":\"https:\\\/\\\/www.psychologies.be\\\/fr\\\/#organization\",\"name\":\"Psychologies Belgique\",\"url\":\"https:\\\/\\\/www.psychologies.be\\\/fr\\\/\",\"logo\":{\"@type\":\"ImageObject\",\"inLanguage\":\"fr-FR\",\"@id\":\"https:\\\/\\\/www.psychologies.be\\\/fr\\\/#\\\/schema\\\/logo\\\/image\\\/\",\"url\":\"https:\\\/\\\/www.psychologies.be\\\/fr\\\/wp-content\\\/uploads\\\/2025\\\/03\\\/psychologies-be.png\",\"contentUrl\":\"https:\\\/\\\/www.psychologies.be\\\/fr\\\/wp-content\\\/uploads\\\/2025\\\/03\\\/psychologies-be.png\",\"width\":696,\"height\":696,\"caption\":\"Psychologies Belgique\"},\"image\":{\"@id\":\"https:\\\/\\\/www.psychologies.be\\\/fr\\\/#\\\/schema\\\/logo\\\/image\\\/\"},\"sameAs\":[\"https:\\\/\\\/www.facebook.com\\\/Psychologies\"]},{\"@type\":\"Person\",\"@id\":\"https:\\\/\\\/www.psychologies.be\\\/fr\\\/#\\\/schema\\\/person\\\/d777894ee732d5873a76450a3f5ceca5\",\"name\":\"Christiane Thiry\",\"url\":\"https:\\\/\\\/www.psychologies.be\\\/fr\\\/author\\\/christiane\\\/\"}]}<\/script>\n<!-- \/ Yoast SEO plugin. -->","yoast_head_json":{"title":"Le retour du \"cape et d'\u00e9p\u00e9e\" \u00e0 Villers\u00a0","description":"Comme chaque \u00e9t\u00e9, l\u2019Abbaye de Villers sera l\u2019\u00e9crin d\u2019une r\u00e9alisation th\u00e9\u00e2trale spectaculaire: une importante distribution,","robots":{"index":"index","follow":"follow","max-snippet":"max-snippet:-1","max-image-preview":"max-image-preview:large","max-video-preview":"max-video-preview:-1"},"canonical":"https:\/\/www.psychologies.be\/fr\/du-11-juillet-au-5-aout-a-21h-infos-sur-httpwww-fracasse-be\/","og_locale":"fr_FR","og_type":"article","og_title":"Le retour du \"cape et d'\u00e9p\u00e9e\" \u00e0 Villers\u00a0","og_description":"Comme chaque \u00e9t\u00e9, l\u2019Abbaye de Villers sera l\u2019\u00e9crin d\u2019une r\u00e9alisation th\u00e9\u00e2trale spectaculaire: une importante distribution,","og_url":"https:\/\/www.psychologies.be\/fr\/du-11-juillet-au-5-aout-a-21h-infos-sur-httpwww-fracasse-be\/","og_site_name":"Psychologies Belgique","article_publisher":"https:\/\/www.facebook.com\/Psychologies","article_published_time":"2017-07-12T11:16:26+00:00","article_modified_time":"2025-12-15T13:59:26+00:00","og_image":[{"width":649,"height":289,"url":"https:\/\/www.psychologies.be\/fr\/wp-content\/uploads\/2017\/07\/capitaine-fracasse-word.jpg","type":"image\/jpeg"}],"author":"Christiane Thiry","twitter_card":"summary_large_image","twitter_misc":{"\u00c9crit par":"Christiane Thiry","Dur\u00e9e de lecture estim\u00e9e":"2 minutes"},"schema":{"@context":"https:\/\/schema.org","@graph":[{"@type":"Article","@id":"https:\/\/www.psychologies.be\/fr\/du-11-juillet-au-5-aout-a-21h-infos-sur-httpwww-fracasse-be\/#article","isPartOf":{"@id":"https:\/\/www.psychologies.be\/fr\/du-11-juillet-au-5-aout-a-21h-infos-sur-httpwww-fracasse-be\/"},"author":{"name":"Christiane Thiry","@id":"https:\/\/www.psychologies.be\/fr\/#\/schema\/person\/d777894ee732d5873a76450a3f5ceca5"},"headline":"Le retour du &#8220;cape et d&#8217;\u00e9p\u00e9e&#8221; \u00e0 Villers\u00a0","datePublished":"2017-07-12T11:16:26+00:00","dateModified":"2025-12-15T13:59:26+00:00","mainEntityOfPage":{"@id":"https:\/\/www.psychologies.be\/fr\/du-11-juillet-au-5-aout-a-21h-infos-sur-httpwww-fracasse-be\/"},"wordCount":281,"commentCount":0,"publisher":{"@id":"https:\/\/www.psychologies.be\/fr\/#organization"},"image":{"@id":"https:\/\/www.psychologies.be\/fr\/du-11-juillet-au-5-aout-a-21h-infos-sur-httpwww-fracasse-be\/#primaryimage"},"thumbnailUrl":"https:\/\/www.psychologies.be\/fr\/wp-content\/uploads\/2017\/07\/capitaine-fracasse-word.jpg","articleSection":["Famille"],"inLanguage":"fr-FR","potentialAction":[{"@type":"CommentAction","name":"Comment","target":["https:\/\/www.psychologies.be\/fr\/du-11-juillet-au-5-aout-a-21h-infos-sur-httpwww-fracasse-be\/#respond"]}]},{"@type":"WebPage","@id":"https:\/\/www.psychologies.be\/fr\/du-11-juillet-au-5-aout-a-21h-infos-sur-httpwww-fracasse-be\/","url":"https:\/\/www.psychologies.be\/fr\/du-11-juillet-au-5-aout-a-21h-infos-sur-httpwww-fracasse-be\/","name":"Le retour du \"cape et d'\u00e9p\u00e9e\" \u00e0 Villers\u00a0","isPartOf":{"@id":"https:\/\/www.psychologies.be\/fr\/#website"},"primaryImageOfPage":{"@id":"https:\/\/www.psychologies.be\/fr\/du-11-juillet-au-5-aout-a-21h-infos-sur-httpwww-fracasse-be\/#primaryimage"},"image":{"@id":"https:\/\/www.psychologies.be\/fr\/du-11-juillet-au-5-aout-a-21h-infos-sur-httpwww-fracasse-be\/#primaryimage"},"thumbnailUrl":"https:\/\/www.psychologies.be\/fr\/wp-content\/uploads\/2017\/07\/capitaine-fracasse-word.jpg","datePublished":"2017-07-12T11:16:26+00:00","dateModified":"2025-12-15T13:59:26+00:00","description":"Comme chaque \u00e9t\u00e9, l\u2019Abbaye de Villers sera l\u2019\u00e9crin d\u2019une r\u00e9alisation th\u00e9\u00e2trale spectaculaire: une importante distribution,","breadcrumb":{"@id":"https:\/\/www.psychologies.be\/fr\/du-11-juillet-au-5-aout-a-21h-infos-sur-httpwww-fracasse-be\/#breadcrumb"},"inLanguage":"fr-FR","potentialAction":[{"@type":"ReadAction","target":["https:\/\/www.psychologies.be\/fr\/du-11-juillet-au-5-aout-a-21h-infos-sur-httpwww-fracasse-be\/"]}]},{"@type":"ImageObject","inLanguage":"fr-FR","@id":"https:\/\/www.psychologies.be\/fr\/du-11-juillet-au-5-aout-a-21h-infos-sur-httpwww-fracasse-be\/#primaryimage","url":"https:\/\/www.psychologies.be\/fr\/wp-content\/uploads\/2017\/07\/capitaine-fracasse-word.jpg","contentUrl":"https:\/\/www.psychologies.be\/fr\/wp-content\/uploads\/2017\/07\/capitaine-fracasse-word.jpg","width":649,"height":289},{"@type":"BreadcrumbList","@id":"https:\/\/www.psychologies.be\/fr\/du-11-juillet-au-5-aout-a-21h-infos-sur-httpwww-fracasse-be\/#breadcrumb","itemListElement":[{"@type":"ListItem","position":1,"name":"Home","item":"https:\/\/www.psychologies.be\/fr\/"},{"@type":"ListItem","position":2,"name":"Famille","item":"https:\/\/www.psychologies.be\/fr\/famille\/"},{"@type":"ListItem","position":3,"name":"Le retour du &#8220;cape et d&#8217;\u00e9p\u00e9e&#8221; \u00e0 Villers\u00a0"}]},{"@type":"WebSite","@id":"https:\/\/www.psychologies.be\/fr\/#website","url":"https:\/\/www.psychologies.be\/fr\/","name":"Psychologies Belgique","description":"Psychologie, mieux se conna\u00eetre pour mieux vivre sa vie","publisher":{"@id":"https:\/\/www.psychologies.be\/fr\/#organization"},"potentialAction":[{"@type":"SearchAction","target":{"@type":"EntryPoint","urlTemplate":"https:\/\/www.psychologies.be\/fr\/?s={search_term_string}"},"query-input":{"@type":"PropertyValueSpecification","valueRequired":true,"valueName":"search_term_string"}}],"inLanguage":"fr-FR"},{"@type":"Organization","@id":"https:\/\/www.psychologies.be\/fr\/#organization","name":"Psychologies Belgique","url":"https:\/\/www.psychologies.be\/fr\/","logo":{"@type":"ImageObject","inLanguage":"fr-FR","@id":"https:\/\/www.psychologies.be\/fr\/#\/schema\/logo\/image\/","url":"https:\/\/www.psychologies.be\/fr\/wp-content\/uploads\/2025\/03\/psychologies-be.png","contentUrl":"https:\/\/www.psychologies.be\/fr\/wp-content\/uploads\/2025\/03\/psychologies-be.png","width":696,"height":696,"caption":"Psychologies Belgique"},"image":{"@id":"https:\/\/www.psychologies.be\/fr\/#\/schema\/logo\/image\/"},"sameAs":["https:\/\/www.facebook.com\/Psychologies"]},{"@type":"Person","@id":"https:\/\/www.psychologies.be\/fr\/#\/schema\/person\/d777894ee732d5873a76450a3f5ceca5","name":"Christiane Thiry","url":"https:\/\/www.psychologies.be\/fr\/author\/christiane\/"}]}},"_links":{"self":[{"href":"https:\/\/www.psychologies.be\/fr\/wp-json\/wp\/v2\/posts\/4442","targetHints":{"allow":["GET"]}}],"collection":[{"href":"https:\/\/www.psychologies.be\/fr\/wp-json\/wp\/v2\/posts"}],"about":[{"href":"https:\/\/www.psychologies.be\/fr\/wp-json\/wp\/v2\/types\/post"}],"author":[{"embeddable":true,"href":"https:\/\/www.psychologies.be\/fr\/wp-json\/wp\/v2\/users\/4"}],"replies":[{"embeddable":true,"href":"https:\/\/www.psychologies.be\/fr\/wp-json\/wp\/v2\/comments?post=4442"}],"version-history":[{"count":1,"href":"https:\/\/www.psychologies.be\/fr\/wp-json\/wp\/v2\/posts\/4442\/revisions"}],"predecessor-version":[{"id":13626,"href":"https:\/\/www.psychologies.be\/fr\/wp-json\/wp\/v2\/posts\/4442\/revisions\/13626"}],"wp:featuredmedia":[{"embeddable":true,"href":"https:\/\/www.psychologies.be\/fr\/wp-json\/wp\/v2\/media\/4443"}],"wp:attachment":[{"href":"https:\/\/www.psychologies.be\/fr\/wp-json\/wp\/v2\/media?parent=4442"}],"wp:term":[{"taxonomy":"category","embeddable":true,"href":"https:\/\/www.psychologies.be\/fr\/wp-json\/wp\/v2\/categories?post=4442"},{"taxonomy":"post_tag","embeddable":true,"href":"https:\/\/www.psychologies.be\/fr\/wp-json\/wp\/v2\/tags?post=4442"}],"curies":[{"name":"wp","href":"https:\/\/api.w.org\/{rel}","templated":true}]}}