{"id":4466,"date":"2017-07-13T15:51:37","date_gmt":"2017-07-13T13:51:37","guid":{"rendered":"http:\/\/www.psychologies.be\/com\/?p=4466"},"modified":"2025-12-15T14:56:53","modified_gmt":"2025-12-15T13:56:53","slug":"4466","status":"publish","type":"post","link":"https:\/\/www.psychologies.be\/fr\/4466\/","title":{"rendered":"Conf\u00e9rence Psychologies\/Le Soir: la paix, \u00e7a s&#8217;apprend"},"content":{"rendered":"","protected":false},"excerpt":{"rendered":"Avec Thomas d\u2019Ansembourg et David van Reybrouck\nLe 25 octobre 2017 \u00e0 20h15 \u00e0 Flagey\nComme le foot, les maths, les langues et la conduite d\u2019une voiture\u2026Gu\u00e9rissons de la violence et r\u00e9enchantons le monde.","protected":false},"author":4,"featured_media":4467,"comment_status":"open","ping_status":"closed","sticky":false,"template":"","format":"standard","meta":{"_acf_changed":false,"footnotes":""},"categories":[475,474],"tags":[],"class_list":["post-4466","post","type-post","status-publish","format-standard","has-post-thumbnail","hentry","category-bien-etre","category-sante"],"acf":[],"_yoast_wpseo_metadesc":"Gu\u00e9rissons de la violence et r\u00e9enchantons le monde. Avec Thomas d\u2019Ansembourg et David van Reybrouckl Le 25 octobre 2017 \u00e0 20h15 \u00e0 Flagey","_yoast_wpseo_title":"Conf\u00e9rence Psychologies\/Le Soir: la paix, \u00e7a s'apprend","yoast_head":"<!-- This site is optimized with the Yoast SEO plugin v27.3 - https:\/\/yoast.com\/product\/yoast-seo-wordpress\/ -->\n<title>Conf\u00e9rence Psychologies\/Le Soir: la paix, \u00e7a s&#039;apprend<\/title>\n<meta name=\"description\" content=\"Gu\u00e9rissons de la violence et r\u00e9enchantons le monde. Avec Thomas d\u2019Ansembourg et David van Reybrouckl Le 25 octobre 2017 \u00e0 20h15 \u00e0 Flagey\" \/>\n<meta name=\"robots\" content=\"index, follow, max-snippet:-1, max-image-preview:large, max-video-preview:-1\" \/>\n<link rel=\"canonical\" href=\"https:\/\/www.psychologies.be\/fr\/4466\/\" \/>\n<meta property=\"og:locale\" content=\"fr_FR\" \/>\n<meta property=\"og:type\" content=\"article\" \/>\n<meta property=\"og:title\" content=\"Conf\u00e9rence Psychologies\/Le Soir: la paix, \u00e7a s&#039;apprend\" \/>\n<meta property=\"og:description\" content=\"Gu\u00e9rissons de la violence et r\u00e9enchantons le monde. Avec Thomas d\u2019Ansembourg et David van Reybrouckl Le 25 octobre 2017 \u00e0 20h15 \u00e0 Flagey\" \/>\n<meta property=\"og:url\" content=\"https:\/\/www.psychologies.be\/fr\/4466\/\" \/>\n<meta property=\"og:site_name\" content=\"Psychologies Belgique\" \/>\n<meta property=\"article:publisher\" content=\"https:\/\/www.facebook.com\/Psychologies\" \/>\n<meta property=\"article:published_time\" content=\"2017-07-13T13:51:37+00:00\" \/>\n<meta property=\"article:modified_time\" content=\"2025-12-15T13:56:53+00:00\" \/>\n<meta property=\"og:image\" content=\"https:\/\/www.psychologies.be\/fr\/wp-content\/uploads\/2017\/07\/la-paix-1-news.jpg\" \/>\n\t<meta property=\"og:image:width\" content=\"699\" \/>\n\t<meta property=\"og:image:height\" content=\"289\" \/>\n\t<meta property=\"og:image:type\" content=\"image\/jpeg\" \/>\n<meta name=\"author\" content=\"Christiane Thiry\" \/>\n<meta name=\"twitter:card\" content=\"summary_large_image\" \/>\n<meta name=\"twitter:label1\" content=\"\u00c9crit par\" \/>\n\t<meta name=\"twitter:data1\" content=\"Christiane Thiry\" \/>\n\t<meta name=\"twitter:label2\" content=\"Dur\u00e9e de lecture estim\u00e9e\" \/>\n\t<meta name=\"twitter:data2\" content=\"2 minutes\" \/>\n<script type=\"application\/ld+json\" class=\"yoast-schema-graph\">{\"@context\":\"https:\\\/\\\/schema.org\",\"@graph\":[{\"@type\":\"Article\",\"@id\":\"https:\\\/\\\/www.psychologies.be\\\/fr\\\/4466\\\/#article\",\"isPartOf\":{\"@id\":\"https:\\\/\\\/www.psychologies.be\\\/fr\\\/4466\\\/\"},\"author\":{\"name\":\"Christiane Thiry\",\"@id\":\"https:\\\/\\\/www.psychologies.be\\\/fr\\\/#\\\/schema\\\/person\\\/d777894ee732d5873a76450a3f5ceca5\"},\"headline\":\"Conf\u00e9rence Psychologies\\\/Le Soir: la paix, \u00e7a s&#8217;apprend\",\"datePublished\":\"2017-07-13T13:51:37+00:00\",\"dateModified\":\"2025-12-15T13:56:53+00:00\",\"mainEntityOfPage\":{\"@id\":\"https:\\\/\\\/www.psychologies.be\\\/fr\\\/4466\\\/\"},\"wordCount\":368,\"commentCount\":0,\"publisher\":{\"@id\":\"https:\\\/\\\/www.psychologies.be\\\/fr\\\/#organization\"},\"image\":{\"@id\":\"https:\\\/\\\/www.psychologies.be\\\/fr\\\/4466\\\/#primaryimage\"},\"thumbnailUrl\":\"https:\\\/\\\/www.psychologies.be\\\/fr\\\/wp-content\\\/uploads\\\/2017\\\/07\\\/la-paix-1-news.jpg\",\"articleSection\":[\"Bien-\u00eatre\",\"Sant\u00e9\"],\"inLanguage\":\"fr-FR\",\"potentialAction\":[{\"@type\":\"CommentAction\",\"name\":\"Comment\",\"target\":[\"https:\\\/\\\/www.psychologies.be\\\/fr\\\/4466\\\/#respond\"]}]},{\"@type\":\"WebPage\",\"@id\":\"https:\\\/\\\/www.psychologies.be\\\/fr\\\/4466\\\/\",\"url\":\"https:\\\/\\\/www.psychologies.be\\\/fr\\\/4466\\\/\",\"name\":\"Conf\u00e9rence Psychologies\\\/Le Soir: la paix, \u00e7a s'apprend\",\"isPartOf\":{\"@id\":\"https:\\\/\\\/www.psychologies.be\\\/fr\\\/#website\"},\"primaryImageOfPage\":{\"@id\":\"https:\\\/\\\/www.psychologies.be\\\/fr\\\/4466\\\/#primaryimage\"},\"image\":{\"@id\":\"https:\\\/\\\/www.psychologies.be\\\/fr\\\/4466\\\/#primaryimage\"},\"thumbnailUrl\":\"https:\\\/\\\/www.psychologies.be\\\/fr\\\/wp-content\\\/uploads\\\/2017\\\/07\\\/la-paix-1-news.jpg\",\"datePublished\":\"2017-07-13T13:51:37+00:00\",\"dateModified\":\"2025-12-15T13:56:53+00:00\",\"description\":\"Gu\u00e9rissons de la violence et r\u00e9enchantons le monde. Avec Thomas d\u2019Ansembourg et David van Reybrouckl Le 25 octobre 2017 \u00e0 20h15 \u00e0 Flagey\",\"breadcrumb\":{\"@id\":\"https:\\\/\\\/www.psychologies.be\\\/fr\\\/4466\\\/#breadcrumb\"},\"inLanguage\":\"fr-FR\",\"potentialAction\":[{\"@type\":\"ReadAction\",\"target\":[\"https:\\\/\\\/www.psychologies.be\\\/fr\\\/4466\\\/\"]}]},{\"@type\":\"ImageObject\",\"inLanguage\":\"fr-FR\",\"@id\":\"https:\\\/\\\/www.psychologies.be\\\/fr\\\/4466\\\/#primaryimage\",\"url\":\"https:\\\/\\\/www.psychologies.be\\\/fr\\\/wp-content\\\/uploads\\\/2017\\\/07\\\/la-paix-1-news.jpg\",\"contentUrl\":\"https:\\\/\\\/www.psychologies.be\\\/fr\\\/wp-content\\\/uploads\\\/2017\\\/07\\\/la-paix-1-news.jpg\",\"width\":699,\"height\":289},{\"@type\":\"BreadcrumbList\",\"@id\":\"https:\\\/\\\/www.psychologies.be\\\/fr\\\/4466\\\/#breadcrumb\",\"itemListElement\":[{\"@type\":\"ListItem\",\"position\":1,\"name\":\"Home\",\"item\":\"https:\\\/\\\/www.psychologies.be\\\/fr\\\/\"},{\"@type\":\"ListItem\",\"position\":2,\"name\":\"Bien-\u00eatre\",\"item\":\"https:\\\/\\\/www.psychologies.be\\\/fr\\\/bien-etre\\\/\"},{\"@type\":\"ListItem\",\"position\":3,\"name\":\"Conf\u00e9rence Psychologies\\\/Le Soir: la paix, \u00e7a s&#8217;apprend\"}]},{\"@type\":\"WebSite\",\"@id\":\"https:\\\/\\\/www.psychologies.be\\\/fr\\\/#website\",\"url\":\"https:\\\/\\\/www.psychologies.be\\\/fr\\\/\",\"name\":\"Psychologies Belgique\",\"description\":\"Psychologie, mieux se conna\u00eetre pour mieux vivre sa vie\",\"publisher\":{\"@id\":\"https:\\\/\\\/www.psychologies.be\\\/fr\\\/#organization\"},\"potentialAction\":[{\"@type\":\"SearchAction\",\"target\":{\"@type\":\"EntryPoint\",\"urlTemplate\":\"https:\\\/\\\/www.psychologies.be\\\/fr\\\/?s={search_term_string}\"},\"query-input\":{\"@type\":\"PropertyValueSpecification\",\"valueRequired\":true,\"valueName\":\"search_term_string\"}}],\"inLanguage\":\"fr-FR\"},{\"@type\":\"Organization\",\"@id\":\"https:\\\/\\\/www.psychologies.be\\\/fr\\\/#organization\",\"name\":\"Psychologies Belgique\",\"url\":\"https:\\\/\\\/www.psychologies.be\\\/fr\\\/\",\"logo\":{\"@type\":\"ImageObject\",\"inLanguage\":\"fr-FR\",\"@id\":\"https:\\\/\\\/www.psychologies.be\\\/fr\\\/#\\\/schema\\\/logo\\\/image\\\/\",\"url\":\"https:\\\/\\\/www.psychologies.be\\\/fr\\\/wp-content\\\/uploads\\\/2025\\\/03\\\/psychologies-be.png\",\"contentUrl\":\"https:\\\/\\\/www.psychologies.be\\\/fr\\\/wp-content\\\/uploads\\\/2025\\\/03\\\/psychologies-be.png\",\"width\":696,\"height\":696,\"caption\":\"Psychologies Belgique\"},\"image\":{\"@id\":\"https:\\\/\\\/www.psychologies.be\\\/fr\\\/#\\\/schema\\\/logo\\\/image\\\/\"},\"sameAs\":[\"https:\\\/\\\/www.facebook.com\\\/Psychologies\"]},{\"@type\":\"Person\",\"@id\":\"https:\\\/\\\/www.psychologies.be\\\/fr\\\/#\\\/schema\\\/person\\\/d777894ee732d5873a76450a3f5ceca5\",\"name\":\"Christiane Thiry\",\"url\":\"https:\\\/\\\/www.psychologies.be\\\/fr\\\/author\\\/christiane\\\/\"}]}<\/script>\n<!-- \/ Yoast SEO plugin. -->","yoast_head_json":{"title":"Conf\u00e9rence Psychologies\/Le Soir: la paix, \u00e7a s'apprend","description":"Gu\u00e9rissons de la violence et r\u00e9enchantons le monde. Avec Thomas d\u2019Ansembourg et David van Reybrouckl Le 25 octobre 2017 \u00e0 20h15 \u00e0 Flagey","robots":{"index":"index","follow":"follow","max-snippet":"max-snippet:-1","max-image-preview":"max-image-preview:large","max-video-preview":"max-video-preview:-1"},"canonical":"https:\/\/www.psychologies.be\/fr\/4466\/","og_locale":"fr_FR","og_type":"article","og_title":"Conf\u00e9rence Psychologies\/Le Soir: la paix, \u00e7a s'apprend","og_description":"Gu\u00e9rissons de la violence et r\u00e9enchantons le monde. Avec Thomas d\u2019Ansembourg et David van Reybrouckl Le 25 octobre 2017 \u00e0 20h15 \u00e0 Flagey","og_url":"https:\/\/www.psychologies.be\/fr\/4466\/","og_site_name":"Psychologies Belgique","article_publisher":"https:\/\/www.facebook.com\/Psychologies","article_published_time":"2017-07-13T13:51:37+00:00","article_modified_time":"2025-12-15T13:56:53+00:00","og_image":[{"width":699,"height":289,"url":"https:\/\/www.psychologies.be\/fr\/wp-content\/uploads\/2017\/07\/la-paix-1-news.jpg","type":"image\/jpeg"}],"author":"Christiane Thiry","twitter_card":"summary_large_image","twitter_misc":{"\u00c9crit par":"Christiane Thiry","Dur\u00e9e de lecture estim\u00e9e":"2 minutes"},"schema":{"@context":"https:\/\/schema.org","@graph":[{"@type":"Article","@id":"https:\/\/www.psychologies.be\/fr\/4466\/#article","isPartOf":{"@id":"https:\/\/www.psychologies.be\/fr\/4466\/"},"author":{"name":"Christiane Thiry","@id":"https:\/\/www.psychologies.be\/fr\/#\/schema\/person\/d777894ee732d5873a76450a3f5ceca5"},"headline":"Conf\u00e9rence Psychologies\/Le Soir: la paix, \u00e7a s&#8217;apprend","datePublished":"2017-07-13T13:51:37+00:00","dateModified":"2025-12-15T13:56:53+00:00","mainEntityOfPage":{"@id":"https:\/\/www.psychologies.be\/fr\/4466\/"},"wordCount":368,"commentCount":0,"publisher":{"@id":"https:\/\/www.psychologies.be\/fr\/#organization"},"image":{"@id":"https:\/\/www.psychologies.be\/fr\/4466\/#primaryimage"},"thumbnailUrl":"https:\/\/www.psychologies.be\/fr\/wp-content\/uploads\/2017\/07\/la-paix-1-news.jpg","articleSection":["Bien-\u00eatre","Sant\u00e9"],"inLanguage":"fr-FR","potentialAction":[{"@type":"CommentAction","name":"Comment","target":["https:\/\/www.psychologies.be\/fr\/4466\/#respond"]}]},{"@type":"WebPage","@id":"https:\/\/www.psychologies.be\/fr\/4466\/","url":"https:\/\/www.psychologies.be\/fr\/4466\/","name":"Conf\u00e9rence Psychologies\/Le Soir: la paix, \u00e7a s'apprend","isPartOf":{"@id":"https:\/\/www.psychologies.be\/fr\/#website"},"primaryImageOfPage":{"@id":"https:\/\/www.psychologies.be\/fr\/4466\/#primaryimage"},"image":{"@id":"https:\/\/www.psychologies.be\/fr\/4466\/#primaryimage"},"thumbnailUrl":"https:\/\/www.psychologies.be\/fr\/wp-content\/uploads\/2017\/07\/la-paix-1-news.jpg","datePublished":"2017-07-13T13:51:37+00:00","dateModified":"2025-12-15T13:56:53+00:00","description":"Gu\u00e9rissons de la violence et r\u00e9enchantons le monde. Avec Thomas d\u2019Ansembourg et David van Reybrouckl Le 25 octobre 2017 \u00e0 20h15 \u00e0 Flagey","breadcrumb":{"@id":"https:\/\/www.psychologies.be\/fr\/4466\/#breadcrumb"},"inLanguage":"fr-FR","potentialAction":[{"@type":"ReadAction","target":["https:\/\/www.psychologies.be\/fr\/4466\/"]}]},{"@type":"ImageObject","inLanguage":"fr-FR","@id":"https:\/\/www.psychologies.be\/fr\/4466\/#primaryimage","url":"https:\/\/www.psychologies.be\/fr\/wp-content\/uploads\/2017\/07\/la-paix-1-news.jpg","contentUrl":"https:\/\/www.psychologies.be\/fr\/wp-content\/uploads\/2017\/07\/la-paix-1-news.jpg","width":699,"height":289},{"@type":"BreadcrumbList","@id":"https:\/\/www.psychologies.be\/fr\/4466\/#breadcrumb","itemListElement":[{"@type":"ListItem","position":1,"name":"Home","item":"https:\/\/www.psychologies.be\/fr\/"},{"@type":"ListItem","position":2,"name":"Bien-\u00eatre","item":"https:\/\/www.psychologies.be\/fr\/bien-etre\/"},{"@type":"ListItem","position":3,"name":"Conf\u00e9rence Psychologies\/Le Soir: la paix, \u00e7a s&#8217;apprend"}]},{"@type":"WebSite","@id":"https:\/\/www.psychologies.be\/fr\/#website","url":"https:\/\/www.psychologies.be\/fr\/","name":"Psychologies Belgique","description":"Psychologie, mieux se conna\u00eetre pour mieux vivre sa vie","publisher":{"@id":"https:\/\/www.psychologies.be\/fr\/#organization"},"potentialAction":[{"@type":"SearchAction","target":{"@type":"EntryPoint","urlTemplate":"https:\/\/www.psychologies.be\/fr\/?s={search_term_string}"},"query-input":{"@type":"PropertyValueSpecification","valueRequired":true,"valueName":"search_term_string"}}],"inLanguage":"fr-FR"},{"@type":"Organization","@id":"https:\/\/www.psychologies.be\/fr\/#organization","name":"Psychologies Belgique","url":"https:\/\/www.psychologies.be\/fr\/","logo":{"@type":"ImageObject","inLanguage":"fr-FR","@id":"https:\/\/www.psychologies.be\/fr\/#\/schema\/logo\/image\/","url":"https:\/\/www.psychologies.be\/fr\/wp-content\/uploads\/2025\/03\/psychologies-be.png","contentUrl":"https:\/\/www.psychologies.be\/fr\/wp-content\/uploads\/2025\/03\/psychologies-be.png","width":696,"height":696,"caption":"Psychologies Belgique"},"image":{"@id":"https:\/\/www.psychologies.be\/fr\/#\/schema\/logo\/image\/"},"sameAs":["https:\/\/www.facebook.com\/Psychologies"]},{"@type":"Person","@id":"https:\/\/www.psychologies.be\/fr\/#\/schema\/person\/d777894ee732d5873a76450a3f5ceca5","name":"Christiane Thiry","url":"https:\/\/www.psychologies.be\/fr\/author\/christiane\/"}]}},"_links":{"self":[{"href":"https:\/\/www.psychologies.be\/fr\/wp-json\/wp\/v2\/posts\/4466","targetHints":{"allow":["GET"]}}],"collection":[{"href":"https:\/\/www.psychologies.be\/fr\/wp-json\/wp\/v2\/posts"}],"about":[{"href":"https:\/\/www.psychologies.be\/fr\/wp-json\/wp\/v2\/types\/post"}],"author":[{"embeddable":true,"href":"https:\/\/www.psychologies.be\/fr\/wp-json\/wp\/v2\/users\/4"}],"replies":[{"embeddable":true,"href":"https:\/\/www.psychologies.be\/fr\/wp-json\/wp\/v2\/comments?post=4466"}],"version-history":[{"count":1,"href":"https:\/\/www.psychologies.be\/fr\/wp-json\/wp\/v2\/posts\/4466\/revisions"}],"predecessor-version":[{"id":13621,"href":"https:\/\/www.psychologies.be\/fr\/wp-json\/wp\/v2\/posts\/4466\/revisions\/13621"}],"wp:featuredmedia":[{"embeddable":true,"href":"https:\/\/www.psychologies.be\/fr\/wp-json\/wp\/v2\/media\/4467"}],"wp:attachment":[{"href":"https:\/\/www.psychologies.be\/fr\/wp-json\/wp\/v2\/media?parent=4466"}],"wp:term":[{"taxonomy":"category","embeddable":true,"href":"https:\/\/www.psychologies.be\/fr\/wp-json\/wp\/v2\/categories?post=4466"},{"taxonomy":"post_tag","embeddable":true,"href":"https:\/\/www.psychologies.be\/fr\/wp-json\/wp\/v2\/tags?post=4466"}],"curies":[{"name":"wp","href":"https:\/\/api.w.org\/{rel}","templated":true}]}}