{"id":4527,"date":"2017-07-17T16:50:25","date_gmt":"2017-07-17T14:50:25","guid":{"rendered":"http:\/\/www.psychologies.be\/com\/?p=4527"},"modified":"2025-12-15T14:44:02","modified_gmt":"2025-12-15T13:44:02","slug":"4527","status":"publish","type":"post","link":"https:\/\/www.psychologies.be\/fr\/4527\/","title":{"rendered":"Colloque\u00a0: la d\u00e9sob\u00e9issance"},"content":{"rendered":"","protected":false},"excerpt":{"rendered":"Est-il encore possible de d\u00e9sob\u00e9ir aujourd\u2019hui\u2009? En ces p\u00e9riodes de contr\u00f4les, de mesures, de menaces et de peurs, quel sens donner \u00e0 la d\u00e9sob\u00e9issance ? Comment comprendre l\u2019irr\u00e9v\u00e9rence, la r\u00e9volte, la rage et l\u2019insoumission ? Doit-on voir ces mouvements comme le signe d\u2019un profond d\u00e9s\u0153uvrement ou d\u2019une col\u00e8re destructrice ou au contraire les penser comme geste n\u00e9cessaire pour pr\u00e9server sa sant\u00e9 mentale et occuper judicieusement sa place ? C\u2019est pour r\u00e9pondre \u00e0 toutes ces questions que l\u2019association Assemblages organise ce colloque consacr\u00e9 \u00e0 la d\u00e9sob\u00e9issance.","protected":false},"author":4,"featured_media":4529,"comment_status":"open","ping_status":"closed","sticky":false,"template":"","format":"standard","meta":{"_acf_changed":false,"footnotes":""},"categories":[475],"tags":[],"class_list":["post-4527","post","type-post","status-publish","format-standard","has-post-thumbnail","hentry","category-bien-etre"],"acf":[],"_yoast_wpseo_metadesc":"Est-il encore possible de d\u00e9sob\u00e9ir aujourd\u2019hui\u2009? En ces p\u00e9riodes de contr\u00f4les, de mesures, de menaces et de peurs, quel sens donner \u00e0 la d\u00e9sob\u00e9issance ?","_yoast_wpseo_title":"Colloque sur la d\u00e9sob\u00e9issance les 18 et 19 septembre \u00e0 Ottignies,","yoast_head":"<!-- This site is optimized with the Yoast SEO plugin v27.3 - https:\/\/yoast.com\/product\/yoast-seo-wordpress\/ -->\n<title>Colloque sur la d\u00e9sob\u00e9issance les 18 et 19 septembre \u00e0 Ottignies,<\/title>\n<meta name=\"description\" content=\"Est-il encore possible de d\u00e9sob\u00e9ir aujourd\u2019hui\u2009? En ces p\u00e9riodes de contr\u00f4les, de mesures, de menaces et de peurs, quel sens donner \u00e0 la d\u00e9sob\u00e9issance ?\" \/>\n<meta name=\"robots\" content=\"index, follow, max-snippet:-1, max-image-preview:large, max-video-preview:-1\" \/>\n<link rel=\"canonical\" href=\"https:\/\/www.psychologies.be\/fr\/4527\/\" \/>\n<meta property=\"og:locale\" content=\"fr_FR\" \/>\n<meta property=\"og:type\" content=\"article\" \/>\n<meta property=\"og:title\" content=\"Colloque sur la d\u00e9sob\u00e9issance les 18 et 19 septembre \u00e0 Ottignies,\" \/>\n<meta property=\"og:description\" content=\"Est-il encore possible de d\u00e9sob\u00e9ir aujourd\u2019hui\u2009? En ces p\u00e9riodes de contr\u00f4les, de mesures, de menaces et de peurs, quel sens donner \u00e0 la d\u00e9sob\u00e9issance ?\" \/>\n<meta property=\"og:url\" content=\"https:\/\/www.psychologies.be\/fr\/4527\/\" \/>\n<meta property=\"og:site_name\" content=\"Psychologies Belgique\" \/>\n<meta property=\"article:publisher\" content=\"https:\/\/www.facebook.com\/Psychologies\" \/>\n<meta property=\"article:published_time\" content=\"2017-07-17T14:50:25+00:00\" \/>\n<meta property=\"article:modified_time\" content=\"2025-12-15T13:44:02+00:00\" \/>\n<meta property=\"og:image\" content=\"https:\/\/www.psychologies.be\/fr\/wp-content\/uploads\/2017\/07\/affiche-d\u00e9sobeissance3word.jpg\" \/>\n\t<meta property=\"og:image:width\" content=\"689\" \/>\n\t<meta property=\"og:image:height\" content=\"249\" \/>\n\t<meta property=\"og:image:type\" content=\"image\/jpeg\" \/>\n<meta name=\"author\" content=\"Christiane Thiry\" \/>\n<meta name=\"twitter:card\" content=\"summary_large_image\" \/>\n<meta name=\"twitter:label1\" content=\"\u00c9crit par\" \/>\n\t<meta name=\"twitter:data1\" content=\"Christiane Thiry\" \/>\n\t<meta name=\"twitter:label2\" content=\"Dur\u00e9e de lecture estim\u00e9e\" \/>\n\t<meta name=\"twitter:data2\" content=\"2 minutes\" \/>\n<script type=\"application\/ld+json\" class=\"yoast-schema-graph\">{\"@context\":\"https:\\\/\\\/schema.org\",\"@graph\":[{\"@type\":\"Article\",\"@id\":\"https:\\\/\\\/www.psychologies.be\\\/fr\\\/4527\\\/#article\",\"isPartOf\":{\"@id\":\"https:\\\/\\\/www.psychologies.be\\\/fr\\\/4527\\\/\"},\"author\":{\"name\":\"Christiane Thiry\",\"@id\":\"https:\\\/\\\/www.psychologies.be\\\/fr\\\/#\\\/schema\\\/person\\\/d777894ee732d5873a76450a3f5ceca5\"},\"headline\":\"Colloque\u00a0: la d\u00e9sob\u00e9issance\",\"datePublished\":\"2017-07-17T14:50:25+00:00\",\"dateModified\":\"2025-12-15T13:44:02+00:00\",\"mainEntityOfPage\":{\"@id\":\"https:\\\/\\\/www.psychologies.be\\\/fr\\\/4527\\\/\"},\"wordCount\":298,\"commentCount\":0,\"publisher\":{\"@id\":\"https:\\\/\\\/www.psychologies.be\\\/fr\\\/#organization\"},\"image\":{\"@id\":\"https:\\\/\\\/www.psychologies.be\\\/fr\\\/4527\\\/#primaryimage\"},\"thumbnailUrl\":\"https:\\\/\\\/www.psychologies.be\\\/fr\\\/wp-content\\\/uploads\\\/2017\\\/07\\\/affiche-d\u00e9sobeissance3word.jpg\",\"articleSection\":[\"Bien-\u00eatre\"],\"inLanguage\":\"fr-FR\",\"potentialAction\":[{\"@type\":\"CommentAction\",\"name\":\"Comment\",\"target\":[\"https:\\\/\\\/www.psychologies.be\\\/fr\\\/4527\\\/#respond\"]}]},{\"@type\":\"WebPage\",\"@id\":\"https:\\\/\\\/www.psychologies.be\\\/fr\\\/4527\\\/\",\"url\":\"https:\\\/\\\/www.psychologies.be\\\/fr\\\/4527\\\/\",\"name\":\"Colloque sur la d\u00e9sob\u00e9issance les 18 et 19 septembre \u00e0 Ottignies,\",\"isPartOf\":{\"@id\":\"https:\\\/\\\/www.psychologies.be\\\/fr\\\/#website\"},\"primaryImageOfPage\":{\"@id\":\"https:\\\/\\\/www.psychologies.be\\\/fr\\\/4527\\\/#primaryimage\"},\"image\":{\"@id\":\"https:\\\/\\\/www.psychologies.be\\\/fr\\\/4527\\\/#primaryimage\"},\"thumbnailUrl\":\"https:\\\/\\\/www.psychologies.be\\\/fr\\\/wp-content\\\/uploads\\\/2017\\\/07\\\/affiche-d\u00e9sobeissance3word.jpg\",\"datePublished\":\"2017-07-17T14:50:25+00:00\",\"dateModified\":\"2025-12-15T13:44:02+00:00\",\"description\":\"Est-il encore possible de d\u00e9sob\u00e9ir aujourd\u2019hui\u2009? En ces p\u00e9riodes de contr\u00f4les, de mesures, de menaces et de peurs, quel sens donner \u00e0 la d\u00e9sob\u00e9issance ?\",\"breadcrumb\":{\"@id\":\"https:\\\/\\\/www.psychologies.be\\\/fr\\\/4527\\\/#breadcrumb\"},\"inLanguage\":\"fr-FR\",\"potentialAction\":[{\"@type\":\"ReadAction\",\"target\":[\"https:\\\/\\\/www.psychologies.be\\\/fr\\\/4527\\\/\"]}]},{\"@type\":\"ImageObject\",\"inLanguage\":\"fr-FR\",\"@id\":\"https:\\\/\\\/www.psychologies.be\\\/fr\\\/4527\\\/#primaryimage\",\"url\":\"https:\\\/\\\/www.psychologies.be\\\/fr\\\/wp-content\\\/uploads\\\/2017\\\/07\\\/affiche-d\u00e9sobeissance3word.jpg\",\"contentUrl\":\"https:\\\/\\\/www.psychologies.be\\\/fr\\\/wp-content\\\/uploads\\\/2017\\\/07\\\/affiche-d\u00e9sobeissance3word.jpg\",\"width\":689,\"height\":249},{\"@type\":\"BreadcrumbList\",\"@id\":\"https:\\\/\\\/www.psychologies.be\\\/fr\\\/4527\\\/#breadcrumb\",\"itemListElement\":[{\"@type\":\"ListItem\",\"position\":1,\"name\":\"Home\",\"item\":\"https:\\\/\\\/www.psychologies.be\\\/fr\\\/\"},{\"@type\":\"ListItem\",\"position\":2,\"name\":\"Bien-\u00eatre\",\"item\":\"https:\\\/\\\/www.psychologies.be\\\/fr\\\/bien-etre\\\/\"},{\"@type\":\"ListItem\",\"position\":3,\"name\":\"Colloque\u00a0: la d\u00e9sob\u00e9issance\"}]},{\"@type\":\"WebSite\",\"@id\":\"https:\\\/\\\/www.psychologies.be\\\/fr\\\/#website\",\"url\":\"https:\\\/\\\/www.psychologies.be\\\/fr\\\/\",\"name\":\"Psychologies Belgique\",\"description\":\"Psychologie, mieux se conna\u00eetre pour mieux vivre sa vie\",\"publisher\":{\"@id\":\"https:\\\/\\\/www.psychologies.be\\\/fr\\\/#organization\"},\"potentialAction\":[{\"@type\":\"SearchAction\",\"target\":{\"@type\":\"EntryPoint\",\"urlTemplate\":\"https:\\\/\\\/www.psychologies.be\\\/fr\\\/?s={search_term_string}\"},\"query-input\":{\"@type\":\"PropertyValueSpecification\",\"valueRequired\":true,\"valueName\":\"search_term_string\"}}],\"inLanguage\":\"fr-FR\"},{\"@type\":\"Organization\",\"@id\":\"https:\\\/\\\/www.psychologies.be\\\/fr\\\/#organization\",\"name\":\"Psychologies Belgique\",\"url\":\"https:\\\/\\\/www.psychologies.be\\\/fr\\\/\",\"logo\":{\"@type\":\"ImageObject\",\"inLanguage\":\"fr-FR\",\"@id\":\"https:\\\/\\\/www.psychologies.be\\\/fr\\\/#\\\/schema\\\/logo\\\/image\\\/\",\"url\":\"https:\\\/\\\/www.psychologies.be\\\/fr\\\/wp-content\\\/uploads\\\/2025\\\/03\\\/psychologies-be.png\",\"contentUrl\":\"https:\\\/\\\/www.psychologies.be\\\/fr\\\/wp-content\\\/uploads\\\/2025\\\/03\\\/psychologies-be.png\",\"width\":696,\"height\":696,\"caption\":\"Psychologies Belgique\"},\"image\":{\"@id\":\"https:\\\/\\\/www.psychologies.be\\\/fr\\\/#\\\/schema\\\/logo\\\/image\\\/\"},\"sameAs\":[\"https:\\\/\\\/www.facebook.com\\\/Psychologies\"]},{\"@type\":\"Person\",\"@id\":\"https:\\\/\\\/www.psychologies.be\\\/fr\\\/#\\\/schema\\\/person\\\/d777894ee732d5873a76450a3f5ceca5\",\"name\":\"Christiane Thiry\",\"url\":\"https:\\\/\\\/www.psychologies.be\\\/fr\\\/author\\\/christiane\\\/\"}]}<\/script>\n<!-- \/ Yoast SEO plugin. -->","yoast_head_json":{"title":"Colloque sur la d\u00e9sob\u00e9issance les 18 et 19 septembre \u00e0 Ottignies,","description":"Est-il encore possible de d\u00e9sob\u00e9ir aujourd\u2019hui\u2009? En ces p\u00e9riodes de contr\u00f4les, de mesures, de menaces et de peurs, quel sens donner \u00e0 la d\u00e9sob\u00e9issance ?","robots":{"index":"index","follow":"follow","max-snippet":"max-snippet:-1","max-image-preview":"max-image-preview:large","max-video-preview":"max-video-preview:-1"},"canonical":"https:\/\/www.psychologies.be\/fr\/4527\/","og_locale":"fr_FR","og_type":"article","og_title":"Colloque sur la d\u00e9sob\u00e9issance les 18 et 19 septembre \u00e0 Ottignies,","og_description":"Est-il encore possible de d\u00e9sob\u00e9ir aujourd\u2019hui\u2009? En ces p\u00e9riodes de contr\u00f4les, de mesures, de menaces et de peurs, quel sens donner \u00e0 la d\u00e9sob\u00e9issance ?","og_url":"https:\/\/www.psychologies.be\/fr\/4527\/","og_site_name":"Psychologies Belgique","article_publisher":"https:\/\/www.facebook.com\/Psychologies","article_published_time":"2017-07-17T14:50:25+00:00","article_modified_time":"2025-12-15T13:44:02+00:00","og_image":[{"width":689,"height":249,"url":"https:\/\/www.psychologies.be\/fr\/wp-content\/uploads\/2017\/07\/affiche-d\u00e9sobeissance3word.jpg","type":"image\/jpeg"}],"author":"Christiane Thiry","twitter_card":"summary_large_image","twitter_misc":{"\u00c9crit par":"Christiane Thiry","Dur\u00e9e de lecture estim\u00e9e":"2 minutes"},"schema":{"@context":"https:\/\/schema.org","@graph":[{"@type":"Article","@id":"https:\/\/www.psychologies.be\/fr\/4527\/#article","isPartOf":{"@id":"https:\/\/www.psychologies.be\/fr\/4527\/"},"author":{"name":"Christiane Thiry","@id":"https:\/\/www.psychologies.be\/fr\/#\/schema\/person\/d777894ee732d5873a76450a3f5ceca5"},"headline":"Colloque\u00a0: la d\u00e9sob\u00e9issance","datePublished":"2017-07-17T14:50:25+00:00","dateModified":"2025-12-15T13:44:02+00:00","mainEntityOfPage":{"@id":"https:\/\/www.psychologies.be\/fr\/4527\/"},"wordCount":298,"commentCount":0,"publisher":{"@id":"https:\/\/www.psychologies.be\/fr\/#organization"},"image":{"@id":"https:\/\/www.psychologies.be\/fr\/4527\/#primaryimage"},"thumbnailUrl":"https:\/\/www.psychologies.be\/fr\/wp-content\/uploads\/2017\/07\/affiche-d\u00e9sobeissance3word.jpg","articleSection":["Bien-\u00eatre"],"inLanguage":"fr-FR","potentialAction":[{"@type":"CommentAction","name":"Comment","target":["https:\/\/www.psychologies.be\/fr\/4527\/#respond"]}]},{"@type":"WebPage","@id":"https:\/\/www.psychologies.be\/fr\/4527\/","url":"https:\/\/www.psychologies.be\/fr\/4527\/","name":"Colloque sur la d\u00e9sob\u00e9issance les 18 et 19 septembre \u00e0 Ottignies,","isPartOf":{"@id":"https:\/\/www.psychologies.be\/fr\/#website"},"primaryImageOfPage":{"@id":"https:\/\/www.psychologies.be\/fr\/4527\/#primaryimage"},"image":{"@id":"https:\/\/www.psychologies.be\/fr\/4527\/#primaryimage"},"thumbnailUrl":"https:\/\/www.psychologies.be\/fr\/wp-content\/uploads\/2017\/07\/affiche-d\u00e9sobeissance3word.jpg","datePublished":"2017-07-17T14:50:25+00:00","dateModified":"2025-12-15T13:44:02+00:00","description":"Est-il encore possible de d\u00e9sob\u00e9ir aujourd\u2019hui\u2009? En ces p\u00e9riodes de contr\u00f4les, de mesures, de menaces et de peurs, quel sens donner \u00e0 la d\u00e9sob\u00e9issance ?","breadcrumb":{"@id":"https:\/\/www.psychologies.be\/fr\/4527\/#breadcrumb"},"inLanguage":"fr-FR","potentialAction":[{"@type":"ReadAction","target":["https:\/\/www.psychologies.be\/fr\/4527\/"]}]},{"@type":"ImageObject","inLanguage":"fr-FR","@id":"https:\/\/www.psychologies.be\/fr\/4527\/#primaryimage","url":"https:\/\/www.psychologies.be\/fr\/wp-content\/uploads\/2017\/07\/affiche-d\u00e9sobeissance3word.jpg","contentUrl":"https:\/\/www.psychologies.be\/fr\/wp-content\/uploads\/2017\/07\/affiche-d\u00e9sobeissance3word.jpg","width":689,"height":249},{"@type":"BreadcrumbList","@id":"https:\/\/www.psychologies.be\/fr\/4527\/#breadcrumb","itemListElement":[{"@type":"ListItem","position":1,"name":"Home","item":"https:\/\/www.psychologies.be\/fr\/"},{"@type":"ListItem","position":2,"name":"Bien-\u00eatre","item":"https:\/\/www.psychologies.be\/fr\/bien-etre\/"},{"@type":"ListItem","position":3,"name":"Colloque\u00a0: la d\u00e9sob\u00e9issance"}]},{"@type":"WebSite","@id":"https:\/\/www.psychologies.be\/fr\/#website","url":"https:\/\/www.psychologies.be\/fr\/","name":"Psychologies Belgique","description":"Psychologie, mieux se conna\u00eetre pour mieux vivre sa vie","publisher":{"@id":"https:\/\/www.psychologies.be\/fr\/#organization"},"potentialAction":[{"@type":"SearchAction","target":{"@type":"EntryPoint","urlTemplate":"https:\/\/www.psychologies.be\/fr\/?s={search_term_string}"},"query-input":{"@type":"PropertyValueSpecification","valueRequired":true,"valueName":"search_term_string"}}],"inLanguage":"fr-FR"},{"@type":"Organization","@id":"https:\/\/www.psychologies.be\/fr\/#organization","name":"Psychologies Belgique","url":"https:\/\/www.psychologies.be\/fr\/","logo":{"@type":"ImageObject","inLanguage":"fr-FR","@id":"https:\/\/www.psychologies.be\/fr\/#\/schema\/logo\/image\/","url":"https:\/\/www.psychologies.be\/fr\/wp-content\/uploads\/2025\/03\/psychologies-be.png","contentUrl":"https:\/\/www.psychologies.be\/fr\/wp-content\/uploads\/2025\/03\/psychologies-be.png","width":696,"height":696,"caption":"Psychologies Belgique"},"image":{"@id":"https:\/\/www.psychologies.be\/fr\/#\/schema\/logo\/image\/"},"sameAs":["https:\/\/www.facebook.com\/Psychologies"]},{"@type":"Person","@id":"https:\/\/www.psychologies.be\/fr\/#\/schema\/person\/d777894ee732d5873a76450a3f5ceca5","name":"Christiane Thiry","url":"https:\/\/www.psychologies.be\/fr\/author\/christiane\/"}]}},"_links":{"self":[{"href":"https:\/\/www.psychologies.be\/fr\/wp-json\/wp\/v2\/posts\/4527","targetHints":{"allow":["GET"]}}],"collection":[{"href":"https:\/\/www.psychologies.be\/fr\/wp-json\/wp\/v2\/posts"}],"about":[{"href":"https:\/\/www.psychologies.be\/fr\/wp-json\/wp\/v2\/types\/post"}],"author":[{"embeddable":true,"href":"https:\/\/www.psychologies.be\/fr\/wp-json\/wp\/v2\/users\/4"}],"replies":[{"embeddable":true,"href":"https:\/\/www.psychologies.be\/fr\/wp-json\/wp\/v2\/comments?post=4527"}],"version-history":[{"count":1,"href":"https:\/\/www.psychologies.be\/fr\/wp-json\/wp\/v2\/posts\/4527\/revisions"}],"predecessor-version":[{"id":13605,"href":"https:\/\/www.psychologies.be\/fr\/wp-json\/wp\/v2\/posts\/4527\/revisions\/13605"}],"wp:featuredmedia":[{"embeddable":true,"href":"https:\/\/www.psychologies.be\/fr\/wp-json\/wp\/v2\/media\/4529"}],"wp:attachment":[{"href":"https:\/\/www.psychologies.be\/fr\/wp-json\/wp\/v2\/media?parent=4527"}],"wp:term":[{"taxonomy":"category","embeddable":true,"href":"https:\/\/www.psychologies.be\/fr\/wp-json\/wp\/v2\/categories?post=4527"},{"taxonomy":"post_tag","embeddable":true,"href":"https:\/\/www.psychologies.be\/fr\/wp-json\/wp\/v2\/tags?post=4527"}],"curies":[{"name":"wp","href":"https:\/\/api.w.org\/{rel}","templated":true}]}}