{"id":4821,"date":"2017-10-05T13:22:15","date_gmt":"2017-10-05T11:22:15","guid":{"rendered":"http:\/\/www.psychologies.be\/com\/?p=4821"},"modified":"2025-12-15T14:30:34","modified_gmt":"2025-12-15T13:30:34","slug":"chaleur-altruisme-ne-menage","status":"publish","type":"post","link":"https:\/\/www.psychologies.be\/fr\/chaleur-altruisme-ne-menage\/","title":{"rendered":"Quand chaleur et altruisme  ne font pas bon m\u00e9nage\u2026"},"content":{"rendered":"","protected":false},"excerpt":{"rendered":"En cas de fortes chaleurs, nous pouvons nous sentir fatigu\u00e9s, irritables, mal dans notre peau, voire m\u00eame un brin de mauvaise humeur\u00a0! R\u00e9cemment, des chercheurs am\u00e9ricains ont montr\u00e9 que la chaleur pouvait m\u00eame nous rendre moins altruistes\u00a0! Une premi\u00e8re exp\u00e9rience a \u00e9t\u00e9 men\u00e9e dans plusieurs magasins surchauff\u00e9s ou non et a permis de montrer que les vendeurs travaillant dans la chaleur \u00e9taient moins susceptibles d\u2019avoir des comportements d\u2019aide envers leurs clients.","protected":false},"author":4,"featured_media":4822,"comment_status":"open","ping_status":"closed","sticky":false,"template":"","format":"standard","meta":{"_acf_changed":false,"footnotes":""},"categories":[475],"tags":[],"class_list":["post-4821","post","type-post","status-publish","format-standard","has-post-thumbnail","hentry","category-bien-etre"],"acf":[],"_yoast_wpseo_metadesc":"En cas de fortes chaleurs, nous pouvons nous sentir fatigu\u00e9s, irritables, mal dans notre peau, voire m\u00eame un brin de mauvaise humeur !","_yoast_wpseo_title":"Quand chaleur et altruisme ne font pas bon m\u00e9nage\u2026","yoast_head":"<!-- This site is optimized with the Yoast SEO plugin v27.3 - https:\/\/yoast.com\/product\/yoast-seo-wordpress\/ -->\n<title>Quand chaleur et altruisme ne font pas bon m\u00e9nage\u2026<\/title>\n<meta name=\"description\" content=\"En cas de fortes chaleurs, nous pouvons nous sentir fatigu\u00e9s, irritables, mal dans notre peau, voire m\u00eame un brin de mauvaise humeur !\" \/>\n<meta name=\"robots\" content=\"index, follow, max-snippet:-1, max-image-preview:large, max-video-preview:-1\" \/>\n<link rel=\"canonical\" href=\"https:\/\/www.psychologies.be\/fr\/chaleur-altruisme-ne-menage\/\" \/>\n<meta property=\"og:locale\" content=\"fr_FR\" \/>\n<meta property=\"og:type\" content=\"article\" \/>\n<meta property=\"og:title\" content=\"Quand chaleur et altruisme ne font pas bon m\u00e9nage\u2026\" \/>\n<meta property=\"og:description\" content=\"En cas de fortes chaleurs, nous pouvons nous sentir fatigu\u00e9s, irritables, mal dans notre peau, voire m\u00eame un brin de mauvaise humeur !\" \/>\n<meta property=\"og:url\" content=\"https:\/\/www.psychologies.be\/fr\/chaleur-altruisme-ne-menage\/\" \/>\n<meta property=\"og:site_name\" content=\"Psychologies Belgique\" \/>\n<meta property=\"article:publisher\" content=\"https:\/\/www.facebook.com\/Psychologies\" \/>\n<meta property=\"article:published_time\" content=\"2017-10-05T11:22:15+00:00\" \/>\n<meta property=\"article:modified_time\" content=\"2025-12-15T13:30:34+00:00\" \/>\n<meta property=\"og:image\" content=\"https:\/\/www.psychologies.be\/fr\/wp-content\/uploads\/2017\/10\/chaleur-et-altruisme-word.jpg\" \/>\n\t<meta property=\"og:image:width\" content=\"647\" \/>\n\t<meta property=\"og:image:height\" content=\"289\" \/>\n\t<meta property=\"og:image:type\" content=\"image\/jpeg\" \/>\n<meta name=\"author\" content=\"Christiane Thiry\" \/>\n<meta name=\"twitter:card\" content=\"summary_large_image\" \/>\n<meta name=\"twitter:label1\" content=\"\u00c9crit par\" \/>\n\t<meta name=\"twitter:data1\" content=\"Christiane Thiry\" \/>\n\t<meta name=\"twitter:label2\" content=\"Dur\u00e9e de lecture estim\u00e9e\" \/>\n\t<meta name=\"twitter:data2\" content=\"2 minutes\" \/>\n<script type=\"application\/ld+json\" class=\"yoast-schema-graph\">{\"@context\":\"https:\\\/\\\/schema.org\",\"@graph\":[{\"@type\":\"Article\",\"@id\":\"https:\\\/\\\/www.psychologies.be\\\/fr\\\/chaleur-altruisme-ne-menage\\\/#article\",\"isPartOf\":{\"@id\":\"https:\\\/\\\/www.psychologies.be\\\/fr\\\/chaleur-altruisme-ne-menage\\\/\"},\"author\":{\"name\":\"Christiane Thiry\",\"@id\":\"https:\\\/\\\/www.psychologies.be\\\/fr\\\/#\\\/schema\\\/person\\\/d777894ee732d5873a76450a3f5ceca5\"},\"headline\":\"Quand chaleur et altruisme ne font pas bon m\u00e9nage\u2026\",\"datePublished\":\"2017-10-05T11:22:15+00:00\",\"dateModified\":\"2025-12-15T13:30:34+00:00\",\"mainEntityOfPage\":{\"@id\":\"https:\\\/\\\/www.psychologies.be\\\/fr\\\/chaleur-altruisme-ne-menage\\\/\"},\"wordCount\":247,\"commentCount\":0,\"publisher\":{\"@id\":\"https:\\\/\\\/www.psychologies.be\\\/fr\\\/#organization\"},\"image\":{\"@id\":\"https:\\\/\\\/www.psychologies.be\\\/fr\\\/chaleur-altruisme-ne-menage\\\/#primaryimage\"},\"thumbnailUrl\":\"https:\\\/\\\/www.psychologies.be\\\/fr\\\/wp-content\\\/uploads\\\/2017\\\/10\\\/chaleur-et-altruisme-word.jpg\",\"articleSection\":[\"Bien-\u00eatre\"],\"inLanguage\":\"fr-FR\",\"potentialAction\":[{\"@type\":\"CommentAction\",\"name\":\"Comment\",\"target\":[\"https:\\\/\\\/www.psychologies.be\\\/fr\\\/chaleur-altruisme-ne-menage\\\/#respond\"]}]},{\"@type\":\"WebPage\",\"@id\":\"https:\\\/\\\/www.psychologies.be\\\/fr\\\/chaleur-altruisme-ne-menage\\\/\",\"url\":\"https:\\\/\\\/www.psychologies.be\\\/fr\\\/chaleur-altruisme-ne-menage\\\/\",\"name\":\"Quand chaleur et altruisme ne font pas bon m\u00e9nage\u2026\",\"isPartOf\":{\"@id\":\"https:\\\/\\\/www.psychologies.be\\\/fr\\\/#website\"},\"primaryImageOfPage\":{\"@id\":\"https:\\\/\\\/www.psychologies.be\\\/fr\\\/chaleur-altruisme-ne-menage\\\/#primaryimage\"},\"image\":{\"@id\":\"https:\\\/\\\/www.psychologies.be\\\/fr\\\/chaleur-altruisme-ne-menage\\\/#primaryimage\"},\"thumbnailUrl\":\"https:\\\/\\\/www.psychologies.be\\\/fr\\\/wp-content\\\/uploads\\\/2017\\\/10\\\/chaleur-et-altruisme-word.jpg\",\"datePublished\":\"2017-10-05T11:22:15+00:00\",\"dateModified\":\"2025-12-15T13:30:34+00:00\",\"description\":\"En cas de fortes chaleurs, nous pouvons nous sentir fatigu\u00e9s, irritables, mal dans notre peau, voire m\u00eame un brin de mauvaise humeur !\",\"breadcrumb\":{\"@id\":\"https:\\\/\\\/www.psychologies.be\\\/fr\\\/chaleur-altruisme-ne-menage\\\/#breadcrumb\"},\"inLanguage\":\"fr-FR\",\"potentialAction\":[{\"@type\":\"ReadAction\",\"target\":[\"https:\\\/\\\/www.psychologies.be\\\/fr\\\/chaleur-altruisme-ne-menage\\\/\"]}]},{\"@type\":\"ImageObject\",\"inLanguage\":\"fr-FR\",\"@id\":\"https:\\\/\\\/www.psychologies.be\\\/fr\\\/chaleur-altruisme-ne-menage\\\/#primaryimage\",\"url\":\"https:\\\/\\\/www.psychologies.be\\\/fr\\\/wp-content\\\/uploads\\\/2017\\\/10\\\/chaleur-et-altruisme-word.jpg\",\"contentUrl\":\"https:\\\/\\\/www.psychologies.be\\\/fr\\\/wp-content\\\/uploads\\\/2017\\\/10\\\/chaleur-et-altruisme-word.jpg\",\"width\":647,\"height\":289},{\"@type\":\"BreadcrumbList\",\"@id\":\"https:\\\/\\\/www.psychologies.be\\\/fr\\\/chaleur-altruisme-ne-menage\\\/#breadcrumb\",\"itemListElement\":[{\"@type\":\"ListItem\",\"position\":1,\"name\":\"Home\",\"item\":\"https:\\\/\\\/www.psychologies.be\\\/fr\\\/\"},{\"@type\":\"ListItem\",\"position\":2,\"name\":\"Bien-\u00eatre\",\"item\":\"https:\\\/\\\/www.psychologies.be\\\/fr\\\/bien-etre\\\/\"},{\"@type\":\"ListItem\",\"position\":3,\"name\":\"Quand chaleur et altruisme ne font pas bon m\u00e9nage\u2026\"}]},{\"@type\":\"WebSite\",\"@id\":\"https:\\\/\\\/www.psychologies.be\\\/fr\\\/#website\",\"url\":\"https:\\\/\\\/www.psychologies.be\\\/fr\\\/\",\"name\":\"Psychologies Belgique\",\"description\":\"Psychologie, mieux se conna\u00eetre pour mieux vivre sa vie\",\"publisher\":{\"@id\":\"https:\\\/\\\/www.psychologies.be\\\/fr\\\/#organization\"},\"potentialAction\":[{\"@type\":\"SearchAction\",\"target\":{\"@type\":\"EntryPoint\",\"urlTemplate\":\"https:\\\/\\\/www.psychologies.be\\\/fr\\\/?s={search_term_string}\"},\"query-input\":{\"@type\":\"PropertyValueSpecification\",\"valueRequired\":true,\"valueName\":\"search_term_string\"}}],\"inLanguage\":\"fr-FR\"},{\"@type\":\"Organization\",\"@id\":\"https:\\\/\\\/www.psychologies.be\\\/fr\\\/#organization\",\"name\":\"Psychologies Belgique\",\"url\":\"https:\\\/\\\/www.psychologies.be\\\/fr\\\/\",\"logo\":{\"@type\":\"ImageObject\",\"inLanguage\":\"fr-FR\",\"@id\":\"https:\\\/\\\/www.psychologies.be\\\/fr\\\/#\\\/schema\\\/logo\\\/image\\\/\",\"url\":\"https:\\\/\\\/www.psychologies.be\\\/fr\\\/wp-content\\\/uploads\\\/2025\\\/03\\\/psychologies-be.png\",\"contentUrl\":\"https:\\\/\\\/www.psychologies.be\\\/fr\\\/wp-content\\\/uploads\\\/2025\\\/03\\\/psychologies-be.png\",\"width\":696,\"height\":696,\"caption\":\"Psychologies Belgique\"},\"image\":{\"@id\":\"https:\\\/\\\/www.psychologies.be\\\/fr\\\/#\\\/schema\\\/logo\\\/image\\\/\"},\"sameAs\":[\"https:\\\/\\\/www.facebook.com\\\/Psychologies\"]},{\"@type\":\"Person\",\"@id\":\"https:\\\/\\\/www.psychologies.be\\\/fr\\\/#\\\/schema\\\/person\\\/d777894ee732d5873a76450a3f5ceca5\",\"name\":\"Christiane Thiry\",\"url\":\"https:\\\/\\\/www.psychologies.be\\\/fr\\\/author\\\/christiane\\\/\"}]}<\/script>\n<!-- \/ Yoast SEO plugin. -->","yoast_head_json":{"title":"Quand chaleur et altruisme ne font pas bon m\u00e9nage\u2026","description":"En cas de fortes chaleurs, nous pouvons nous sentir fatigu\u00e9s, irritables, mal dans notre peau, voire m\u00eame un brin de mauvaise humeur !","robots":{"index":"index","follow":"follow","max-snippet":"max-snippet:-1","max-image-preview":"max-image-preview:large","max-video-preview":"max-video-preview:-1"},"canonical":"https:\/\/www.psychologies.be\/fr\/chaleur-altruisme-ne-menage\/","og_locale":"fr_FR","og_type":"article","og_title":"Quand chaleur et altruisme ne font pas bon m\u00e9nage\u2026","og_description":"En cas de fortes chaleurs, nous pouvons nous sentir fatigu\u00e9s, irritables, mal dans notre peau, voire m\u00eame un brin de mauvaise humeur !","og_url":"https:\/\/www.psychologies.be\/fr\/chaleur-altruisme-ne-menage\/","og_site_name":"Psychologies Belgique","article_publisher":"https:\/\/www.facebook.com\/Psychologies","article_published_time":"2017-10-05T11:22:15+00:00","article_modified_time":"2025-12-15T13:30:34+00:00","og_image":[{"width":647,"height":289,"url":"https:\/\/www.psychologies.be\/fr\/wp-content\/uploads\/2017\/10\/chaleur-et-altruisme-word.jpg","type":"image\/jpeg"}],"author":"Christiane Thiry","twitter_card":"summary_large_image","twitter_misc":{"\u00c9crit par":"Christiane Thiry","Dur\u00e9e de lecture estim\u00e9e":"2 minutes"},"schema":{"@context":"https:\/\/schema.org","@graph":[{"@type":"Article","@id":"https:\/\/www.psychologies.be\/fr\/chaleur-altruisme-ne-menage\/#article","isPartOf":{"@id":"https:\/\/www.psychologies.be\/fr\/chaleur-altruisme-ne-menage\/"},"author":{"name":"Christiane Thiry","@id":"https:\/\/www.psychologies.be\/fr\/#\/schema\/person\/d777894ee732d5873a76450a3f5ceca5"},"headline":"Quand chaleur et altruisme ne font pas bon m\u00e9nage\u2026","datePublished":"2017-10-05T11:22:15+00:00","dateModified":"2025-12-15T13:30:34+00:00","mainEntityOfPage":{"@id":"https:\/\/www.psychologies.be\/fr\/chaleur-altruisme-ne-menage\/"},"wordCount":247,"commentCount":0,"publisher":{"@id":"https:\/\/www.psychologies.be\/fr\/#organization"},"image":{"@id":"https:\/\/www.psychologies.be\/fr\/chaleur-altruisme-ne-menage\/#primaryimage"},"thumbnailUrl":"https:\/\/www.psychologies.be\/fr\/wp-content\/uploads\/2017\/10\/chaleur-et-altruisme-word.jpg","articleSection":["Bien-\u00eatre"],"inLanguage":"fr-FR","potentialAction":[{"@type":"CommentAction","name":"Comment","target":["https:\/\/www.psychologies.be\/fr\/chaleur-altruisme-ne-menage\/#respond"]}]},{"@type":"WebPage","@id":"https:\/\/www.psychologies.be\/fr\/chaleur-altruisme-ne-menage\/","url":"https:\/\/www.psychologies.be\/fr\/chaleur-altruisme-ne-menage\/","name":"Quand chaleur et altruisme ne font pas bon m\u00e9nage\u2026","isPartOf":{"@id":"https:\/\/www.psychologies.be\/fr\/#website"},"primaryImageOfPage":{"@id":"https:\/\/www.psychologies.be\/fr\/chaleur-altruisme-ne-menage\/#primaryimage"},"image":{"@id":"https:\/\/www.psychologies.be\/fr\/chaleur-altruisme-ne-menage\/#primaryimage"},"thumbnailUrl":"https:\/\/www.psychologies.be\/fr\/wp-content\/uploads\/2017\/10\/chaleur-et-altruisme-word.jpg","datePublished":"2017-10-05T11:22:15+00:00","dateModified":"2025-12-15T13:30:34+00:00","description":"En cas de fortes chaleurs, nous pouvons nous sentir fatigu\u00e9s, irritables, mal dans notre peau, voire m\u00eame un brin de mauvaise humeur !","breadcrumb":{"@id":"https:\/\/www.psychologies.be\/fr\/chaleur-altruisme-ne-menage\/#breadcrumb"},"inLanguage":"fr-FR","potentialAction":[{"@type":"ReadAction","target":["https:\/\/www.psychologies.be\/fr\/chaleur-altruisme-ne-menage\/"]}]},{"@type":"ImageObject","inLanguage":"fr-FR","@id":"https:\/\/www.psychologies.be\/fr\/chaleur-altruisme-ne-menage\/#primaryimage","url":"https:\/\/www.psychologies.be\/fr\/wp-content\/uploads\/2017\/10\/chaleur-et-altruisme-word.jpg","contentUrl":"https:\/\/www.psychologies.be\/fr\/wp-content\/uploads\/2017\/10\/chaleur-et-altruisme-word.jpg","width":647,"height":289},{"@type":"BreadcrumbList","@id":"https:\/\/www.psychologies.be\/fr\/chaleur-altruisme-ne-menage\/#breadcrumb","itemListElement":[{"@type":"ListItem","position":1,"name":"Home","item":"https:\/\/www.psychologies.be\/fr\/"},{"@type":"ListItem","position":2,"name":"Bien-\u00eatre","item":"https:\/\/www.psychologies.be\/fr\/bien-etre\/"},{"@type":"ListItem","position":3,"name":"Quand chaleur et altruisme ne font pas bon m\u00e9nage\u2026"}]},{"@type":"WebSite","@id":"https:\/\/www.psychologies.be\/fr\/#website","url":"https:\/\/www.psychologies.be\/fr\/","name":"Psychologies Belgique","description":"Psychologie, mieux se conna\u00eetre pour mieux vivre sa vie","publisher":{"@id":"https:\/\/www.psychologies.be\/fr\/#organization"},"potentialAction":[{"@type":"SearchAction","target":{"@type":"EntryPoint","urlTemplate":"https:\/\/www.psychologies.be\/fr\/?s={search_term_string}"},"query-input":{"@type":"PropertyValueSpecification","valueRequired":true,"valueName":"search_term_string"}}],"inLanguage":"fr-FR"},{"@type":"Organization","@id":"https:\/\/www.psychologies.be\/fr\/#organization","name":"Psychologies Belgique","url":"https:\/\/www.psychologies.be\/fr\/","logo":{"@type":"ImageObject","inLanguage":"fr-FR","@id":"https:\/\/www.psychologies.be\/fr\/#\/schema\/logo\/image\/","url":"https:\/\/www.psychologies.be\/fr\/wp-content\/uploads\/2025\/03\/psychologies-be.png","contentUrl":"https:\/\/www.psychologies.be\/fr\/wp-content\/uploads\/2025\/03\/psychologies-be.png","width":696,"height":696,"caption":"Psychologies Belgique"},"image":{"@id":"https:\/\/www.psychologies.be\/fr\/#\/schema\/logo\/image\/"},"sameAs":["https:\/\/www.facebook.com\/Psychologies"]},{"@type":"Person","@id":"https:\/\/www.psychologies.be\/fr\/#\/schema\/person\/d777894ee732d5873a76450a3f5ceca5","name":"Christiane Thiry","url":"https:\/\/www.psychologies.be\/fr\/author\/christiane\/"}]}},"_links":{"self":[{"href":"https:\/\/www.psychologies.be\/fr\/wp-json\/wp\/v2\/posts\/4821","targetHints":{"allow":["GET"]}}],"collection":[{"href":"https:\/\/www.psychologies.be\/fr\/wp-json\/wp\/v2\/posts"}],"about":[{"href":"https:\/\/www.psychologies.be\/fr\/wp-json\/wp\/v2\/types\/post"}],"author":[{"embeddable":true,"href":"https:\/\/www.psychologies.be\/fr\/wp-json\/wp\/v2\/users\/4"}],"replies":[{"embeddable":true,"href":"https:\/\/www.psychologies.be\/fr\/wp-json\/wp\/v2\/comments?post=4821"}],"version-history":[{"count":1,"href":"https:\/\/www.psychologies.be\/fr\/wp-json\/wp\/v2\/posts\/4821\/revisions"}],"predecessor-version":[{"id":13576,"href":"https:\/\/www.psychologies.be\/fr\/wp-json\/wp\/v2\/posts\/4821\/revisions\/13576"}],"wp:featuredmedia":[{"embeddable":true,"href":"https:\/\/www.psychologies.be\/fr\/wp-json\/wp\/v2\/media\/4822"}],"wp:attachment":[{"href":"https:\/\/www.psychologies.be\/fr\/wp-json\/wp\/v2\/media?parent=4821"}],"wp:term":[{"taxonomy":"category","embeddable":true,"href":"https:\/\/www.psychologies.be\/fr\/wp-json\/wp\/v2\/categories?post=4821"},{"taxonomy":"post_tag","embeddable":true,"href":"https:\/\/www.psychologies.be\/fr\/wp-json\/wp\/v2\/tags?post=4821"}],"curies":[{"name":"wp","href":"https:\/\/api.w.org\/{rel}","templated":true}]}}