{"id":4962,"date":"2017-10-27T12:33:31","date_gmt":"2017-10-27T10:33:31","guid":{"rendered":"http:\/\/www.psychologies.be\/com\/?p=4962"},"modified":"2025-12-15T14:07:28","modified_gmt":"2025-12-15T13:07:28","slug":"on-se-seve-toute-lannee","status":"publish","type":"post","link":"https:\/\/www.psychologies.be\/fr\/on-se-seve-toute-lannee\/","title":{"rendered":"On se s\u00e8ve toute l\u2019ann\u00e9e\u00a0!"},"content":{"rendered":"","protected":false},"excerpt":{"rendered":"On associe g\u00e9n\u00e9ralement la s\u00e8ve au\u00a0printemps, \u00e9poque \u00e0 laquelle on fait sa \u00abcure-de-s\u00e8ve-de-bouleau\u00bb,\u00a0et bien non, on peut recommencer maintenant, en automne et en hiver\u00a0! C\u2019est ce que proposent les trois cr\u00e9atrices de la Sos\u00e8ve, une s\u00e8ve de bouleau qui vient des for\u00eats de Viroinval, 100% fra\u00eeche, belge et bio, une boisson vivante, non pasteuris\u00e9e et sans conservateurs.","protected":false},"author":4,"featured_media":4963,"comment_status":"open","ping_status":"closed","sticky":false,"template":"","format":"standard","meta":{"_acf_changed":false,"footnotes":""},"categories":[474],"tags":[],"class_list":["post-4962","post","type-post","status-publish","format-standard","has-post-thumbnail","hentry","category-sante"],"acf":[],"_yoast_wpseo_metadesc":"On associe la s\u00e8ve au printemps, \u00e9poque \u00e0 laquelle on fait sa \u00abcure-de-s\u00e8ve-de-bouleau\u00bb, et bien non, on peut recommence maintenant, en automne et en hiver","_yoast_wpseo_title":"On se s\u00e8ve toute l\u2019ann\u00e9e, l'hiver y compris","yoast_head":"<!-- This site is optimized with the Yoast SEO plugin v27.3 - https:\/\/yoast.com\/product\/yoast-seo-wordpress\/ -->\n<title>On se s\u00e8ve toute l\u2019ann\u00e9e, l&#039;hiver y compris<\/title>\n<meta name=\"description\" content=\"On associe la s\u00e8ve au printemps, \u00e9poque \u00e0 laquelle on fait sa \u00abcure-de-s\u00e8ve-de-bouleau\u00bb, et bien non, on peut recommence maintenant, en automne et en hiver\" \/>\n<meta name=\"robots\" content=\"index, follow, max-snippet:-1, max-image-preview:large, max-video-preview:-1\" \/>\n<link rel=\"canonical\" href=\"https:\/\/www.psychologies.be\/fr\/on-se-seve-toute-lannee\/\" \/>\n<meta property=\"og:locale\" content=\"fr_FR\" \/>\n<meta property=\"og:type\" content=\"article\" \/>\n<meta property=\"og:title\" content=\"On se s\u00e8ve toute l\u2019ann\u00e9e, l&#039;hiver y compris\" \/>\n<meta property=\"og:description\" content=\"On associe la s\u00e8ve au printemps, \u00e9poque \u00e0 laquelle on fait sa \u00abcure-de-s\u00e8ve-de-bouleau\u00bb, et bien non, on peut recommence maintenant, en automne et en hiver\" \/>\n<meta property=\"og:url\" content=\"https:\/\/www.psychologies.be\/fr\/on-se-seve-toute-lannee\/\" \/>\n<meta property=\"og:site_name\" content=\"Psychologies Belgique\" \/>\n<meta property=\"article:publisher\" content=\"https:\/\/www.facebook.com\/Psychologies\" \/>\n<meta property=\"article:published_time\" content=\"2017-10-27T10:33:31+00:00\" \/>\n<meta property=\"article:modified_time\" content=\"2025-12-15T13:07:28+00:00\" \/>\n<meta property=\"og:image\" content=\"https:\/\/www.psychologies.be\/fr\/wp-content\/uploads\/2017\/10\/soseve-word.jpg\" \/>\n\t<meta property=\"og:image:width\" content=\"647\" \/>\n\t<meta property=\"og:image:height\" content=\"289\" \/>\n\t<meta property=\"og:image:type\" content=\"image\/jpeg\" \/>\n<meta name=\"author\" content=\"Christiane Thiry\" \/>\n<meta name=\"twitter:card\" content=\"summary_large_image\" \/>\n<meta name=\"twitter:label1\" content=\"\u00c9crit par\" \/>\n\t<meta name=\"twitter:data1\" content=\"Christiane Thiry\" \/>\n\t<meta name=\"twitter:label2\" content=\"Dur\u00e9e de lecture estim\u00e9e\" \/>\n\t<meta name=\"twitter:data2\" content=\"2 minutes\" \/>\n<script type=\"application\/ld+json\" class=\"yoast-schema-graph\">{\"@context\":\"https:\\\/\\\/schema.org\",\"@graph\":[{\"@type\":\"Article\",\"@id\":\"https:\\\/\\\/www.psychologies.be\\\/fr\\\/on-se-seve-toute-lannee\\\/#article\",\"isPartOf\":{\"@id\":\"https:\\\/\\\/www.psychologies.be\\\/fr\\\/on-se-seve-toute-lannee\\\/\"},\"author\":{\"name\":\"Christiane Thiry\",\"@id\":\"https:\\\/\\\/www.psychologies.be\\\/fr\\\/#\\\/schema\\\/person\\\/d777894ee732d5873a76450a3f5ceca5\"},\"headline\":\"On se s\u00e8ve toute l\u2019ann\u00e9e\u00a0!\",\"datePublished\":\"2017-10-27T10:33:31+00:00\",\"dateModified\":\"2025-12-15T13:07:28+00:00\",\"mainEntityOfPage\":{\"@id\":\"https:\\\/\\\/www.psychologies.be\\\/fr\\\/on-se-seve-toute-lannee\\\/\"},\"wordCount\":231,\"commentCount\":0,\"publisher\":{\"@id\":\"https:\\\/\\\/www.psychologies.be\\\/fr\\\/#organization\"},\"image\":{\"@id\":\"https:\\\/\\\/www.psychologies.be\\\/fr\\\/on-se-seve-toute-lannee\\\/#primaryimage\"},\"thumbnailUrl\":\"https:\\\/\\\/www.psychologies.be\\\/fr\\\/wp-content\\\/uploads\\\/2017\\\/10\\\/soseve-word.jpg\",\"articleSection\":[\"Sant\u00e9\"],\"inLanguage\":\"fr-FR\",\"potentialAction\":[{\"@type\":\"CommentAction\",\"name\":\"Comment\",\"target\":[\"https:\\\/\\\/www.psychologies.be\\\/fr\\\/on-se-seve-toute-lannee\\\/#respond\"]}]},{\"@type\":\"WebPage\",\"@id\":\"https:\\\/\\\/www.psychologies.be\\\/fr\\\/on-se-seve-toute-lannee\\\/\",\"url\":\"https:\\\/\\\/www.psychologies.be\\\/fr\\\/on-se-seve-toute-lannee\\\/\",\"name\":\"On se s\u00e8ve toute l\u2019ann\u00e9e, l'hiver y compris\",\"isPartOf\":{\"@id\":\"https:\\\/\\\/www.psychologies.be\\\/fr\\\/#website\"},\"primaryImageOfPage\":{\"@id\":\"https:\\\/\\\/www.psychologies.be\\\/fr\\\/on-se-seve-toute-lannee\\\/#primaryimage\"},\"image\":{\"@id\":\"https:\\\/\\\/www.psychologies.be\\\/fr\\\/on-se-seve-toute-lannee\\\/#primaryimage\"},\"thumbnailUrl\":\"https:\\\/\\\/www.psychologies.be\\\/fr\\\/wp-content\\\/uploads\\\/2017\\\/10\\\/soseve-word.jpg\",\"datePublished\":\"2017-10-27T10:33:31+00:00\",\"dateModified\":\"2025-12-15T13:07:28+00:00\",\"description\":\"On associe la s\u00e8ve au printemps, \u00e9poque \u00e0 laquelle on fait sa \u00abcure-de-s\u00e8ve-de-bouleau\u00bb, et bien non, on peut recommence maintenant, en automne et en hiver\",\"breadcrumb\":{\"@id\":\"https:\\\/\\\/www.psychologies.be\\\/fr\\\/on-se-seve-toute-lannee\\\/#breadcrumb\"},\"inLanguage\":\"fr-FR\",\"potentialAction\":[{\"@type\":\"ReadAction\",\"target\":[\"https:\\\/\\\/www.psychologies.be\\\/fr\\\/on-se-seve-toute-lannee\\\/\"]}]},{\"@type\":\"ImageObject\",\"inLanguage\":\"fr-FR\",\"@id\":\"https:\\\/\\\/www.psychologies.be\\\/fr\\\/on-se-seve-toute-lannee\\\/#primaryimage\",\"url\":\"https:\\\/\\\/www.psychologies.be\\\/fr\\\/wp-content\\\/uploads\\\/2017\\\/10\\\/soseve-word.jpg\",\"contentUrl\":\"https:\\\/\\\/www.psychologies.be\\\/fr\\\/wp-content\\\/uploads\\\/2017\\\/10\\\/soseve-word.jpg\",\"width\":647,\"height\":289},{\"@type\":\"BreadcrumbList\",\"@id\":\"https:\\\/\\\/www.psychologies.be\\\/fr\\\/on-se-seve-toute-lannee\\\/#breadcrumb\",\"itemListElement\":[{\"@type\":\"ListItem\",\"position\":1,\"name\":\"Home\",\"item\":\"https:\\\/\\\/www.psychologies.be\\\/fr\\\/\"},{\"@type\":\"ListItem\",\"position\":2,\"name\":\"Sant\u00e9\",\"item\":\"https:\\\/\\\/www.psychologies.be\\\/fr\\\/sante\\\/\"},{\"@type\":\"ListItem\",\"position\":3,\"name\":\"On se s\u00e8ve toute l\u2019ann\u00e9e\u00a0!\"}]},{\"@type\":\"WebSite\",\"@id\":\"https:\\\/\\\/www.psychologies.be\\\/fr\\\/#website\",\"url\":\"https:\\\/\\\/www.psychologies.be\\\/fr\\\/\",\"name\":\"Psychologies Belgique\",\"description\":\"Psychologie, mieux se conna\u00eetre pour mieux vivre sa vie\",\"publisher\":{\"@id\":\"https:\\\/\\\/www.psychologies.be\\\/fr\\\/#organization\"},\"potentialAction\":[{\"@type\":\"SearchAction\",\"target\":{\"@type\":\"EntryPoint\",\"urlTemplate\":\"https:\\\/\\\/www.psychologies.be\\\/fr\\\/?s={search_term_string}\"},\"query-input\":{\"@type\":\"PropertyValueSpecification\",\"valueRequired\":true,\"valueName\":\"search_term_string\"}}],\"inLanguage\":\"fr-FR\"},{\"@type\":\"Organization\",\"@id\":\"https:\\\/\\\/www.psychologies.be\\\/fr\\\/#organization\",\"name\":\"Psychologies Belgique\",\"url\":\"https:\\\/\\\/www.psychologies.be\\\/fr\\\/\",\"logo\":{\"@type\":\"ImageObject\",\"inLanguage\":\"fr-FR\",\"@id\":\"https:\\\/\\\/www.psychologies.be\\\/fr\\\/#\\\/schema\\\/logo\\\/image\\\/\",\"url\":\"https:\\\/\\\/www.psychologies.be\\\/fr\\\/wp-content\\\/uploads\\\/2025\\\/03\\\/psychologies-be.png\",\"contentUrl\":\"https:\\\/\\\/www.psychologies.be\\\/fr\\\/wp-content\\\/uploads\\\/2025\\\/03\\\/psychologies-be.png\",\"width\":696,\"height\":696,\"caption\":\"Psychologies Belgique\"},\"image\":{\"@id\":\"https:\\\/\\\/www.psychologies.be\\\/fr\\\/#\\\/schema\\\/logo\\\/image\\\/\"},\"sameAs\":[\"https:\\\/\\\/www.facebook.com\\\/Psychologies\"]},{\"@type\":\"Person\",\"@id\":\"https:\\\/\\\/www.psychologies.be\\\/fr\\\/#\\\/schema\\\/person\\\/d777894ee732d5873a76450a3f5ceca5\",\"name\":\"Christiane Thiry\",\"url\":\"https:\\\/\\\/www.psychologies.be\\\/fr\\\/author\\\/christiane\\\/\"}]}<\/script>\n<!-- \/ Yoast SEO plugin. -->","yoast_head_json":{"title":"On se s\u00e8ve toute l\u2019ann\u00e9e, l'hiver y compris","description":"On associe la s\u00e8ve au printemps, \u00e9poque \u00e0 laquelle on fait sa \u00abcure-de-s\u00e8ve-de-bouleau\u00bb, et bien non, on peut recommence maintenant, en automne et en hiver","robots":{"index":"index","follow":"follow","max-snippet":"max-snippet:-1","max-image-preview":"max-image-preview:large","max-video-preview":"max-video-preview:-1"},"canonical":"https:\/\/www.psychologies.be\/fr\/on-se-seve-toute-lannee\/","og_locale":"fr_FR","og_type":"article","og_title":"On se s\u00e8ve toute l\u2019ann\u00e9e, l'hiver y compris","og_description":"On associe la s\u00e8ve au printemps, \u00e9poque \u00e0 laquelle on fait sa \u00abcure-de-s\u00e8ve-de-bouleau\u00bb, et bien non, on peut recommence maintenant, en automne et en hiver","og_url":"https:\/\/www.psychologies.be\/fr\/on-se-seve-toute-lannee\/","og_site_name":"Psychologies Belgique","article_publisher":"https:\/\/www.facebook.com\/Psychologies","article_published_time":"2017-10-27T10:33:31+00:00","article_modified_time":"2025-12-15T13:07:28+00:00","og_image":[{"width":647,"height":289,"url":"https:\/\/www.psychologies.be\/fr\/wp-content\/uploads\/2017\/10\/soseve-word.jpg","type":"image\/jpeg"}],"author":"Christiane Thiry","twitter_card":"summary_large_image","twitter_misc":{"\u00c9crit par":"Christiane Thiry","Dur\u00e9e de lecture estim\u00e9e":"2 minutes"},"schema":{"@context":"https:\/\/schema.org","@graph":[{"@type":"Article","@id":"https:\/\/www.psychologies.be\/fr\/on-se-seve-toute-lannee\/#article","isPartOf":{"@id":"https:\/\/www.psychologies.be\/fr\/on-se-seve-toute-lannee\/"},"author":{"name":"Christiane Thiry","@id":"https:\/\/www.psychologies.be\/fr\/#\/schema\/person\/d777894ee732d5873a76450a3f5ceca5"},"headline":"On se s\u00e8ve toute l\u2019ann\u00e9e\u00a0!","datePublished":"2017-10-27T10:33:31+00:00","dateModified":"2025-12-15T13:07:28+00:00","mainEntityOfPage":{"@id":"https:\/\/www.psychologies.be\/fr\/on-se-seve-toute-lannee\/"},"wordCount":231,"commentCount":0,"publisher":{"@id":"https:\/\/www.psychologies.be\/fr\/#organization"},"image":{"@id":"https:\/\/www.psychologies.be\/fr\/on-se-seve-toute-lannee\/#primaryimage"},"thumbnailUrl":"https:\/\/www.psychologies.be\/fr\/wp-content\/uploads\/2017\/10\/soseve-word.jpg","articleSection":["Sant\u00e9"],"inLanguage":"fr-FR","potentialAction":[{"@type":"CommentAction","name":"Comment","target":["https:\/\/www.psychologies.be\/fr\/on-se-seve-toute-lannee\/#respond"]}]},{"@type":"WebPage","@id":"https:\/\/www.psychologies.be\/fr\/on-se-seve-toute-lannee\/","url":"https:\/\/www.psychologies.be\/fr\/on-se-seve-toute-lannee\/","name":"On se s\u00e8ve toute l\u2019ann\u00e9e, l'hiver y compris","isPartOf":{"@id":"https:\/\/www.psychologies.be\/fr\/#website"},"primaryImageOfPage":{"@id":"https:\/\/www.psychologies.be\/fr\/on-se-seve-toute-lannee\/#primaryimage"},"image":{"@id":"https:\/\/www.psychologies.be\/fr\/on-se-seve-toute-lannee\/#primaryimage"},"thumbnailUrl":"https:\/\/www.psychologies.be\/fr\/wp-content\/uploads\/2017\/10\/soseve-word.jpg","datePublished":"2017-10-27T10:33:31+00:00","dateModified":"2025-12-15T13:07:28+00:00","description":"On associe la s\u00e8ve au printemps, \u00e9poque \u00e0 laquelle on fait sa \u00abcure-de-s\u00e8ve-de-bouleau\u00bb, et bien non, on peut recommence maintenant, en automne et en hiver","breadcrumb":{"@id":"https:\/\/www.psychologies.be\/fr\/on-se-seve-toute-lannee\/#breadcrumb"},"inLanguage":"fr-FR","potentialAction":[{"@type":"ReadAction","target":["https:\/\/www.psychologies.be\/fr\/on-se-seve-toute-lannee\/"]}]},{"@type":"ImageObject","inLanguage":"fr-FR","@id":"https:\/\/www.psychologies.be\/fr\/on-se-seve-toute-lannee\/#primaryimage","url":"https:\/\/www.psychologies.be\/fr\/wp-content\/uploads\/2017\/10\/soseve-word.jpg","contentUrl":"https:\/\/www.psychologies.be\/fr\/wp-content\/uploads\/2017\/10\/soseve-word.jpg","width":647,"height":289},{"@type":"BreadcrumbList","@id":"https:\/\/www.psychologies.be\/fr\/on-se-seve-toute-lannee\/#breadcrumb","itemListElement":[{"@type":"ListItem","position":1,"name":"Home","item":"https:\/\/www.psychologies.be\/fr\/"},{"@type":"ListItem","position":2,"name":"Sant\u00e9","item":"https:\/\/www.psychologies.be\/fr\/sante\/"},{"@type":"ListItem","position":3,"name":"On se s\u00e8ve toute l\u2019ann\u00e9e\u00a0!"}]},{"@type":"WebSite","@id":"https:\/\/www.psychologies.be\/fr\/#website","url":"https:\/\/www.psychologies.be\/fr\/","name":"Psychologies Belgique","description":"Psychologie, mieux se conna\u00eetre pour mieux vivre sa vie","publisher":{"@id":"https:\/\/www.psychologies.be\/fr\/#organization"},"potentialAction":[{"@type":"SearchAction","target":{"@type":"EntryPoint","urlTemplate":"https:\/\/www.psychologies.be\/fr\/?s={search_term_string}"},"query-input":{"@type":"PropertyValueSpecification","valueRequired":true,"valueName":"search_term_string"}}],"inLanguage":"fr-FR"},{"@type":"Organization","@id":"https:\/\/www.psychologies.be\/fr\/#organization","name":"Psychologies Belgique","url":"https:\/\/www.psychologies.be\/fr\/","logo":{"@type":"ImageObject","inLanguage":"fr-FR","@id":"https:\/\/www.psychologies.be\/fr\/#\/schema\/logo\/image\/","url":"https:\/\/www.psychologies.be\/fr\/wp-content\/uploads\/2025\/03\/psychologies-be.png","contentUrl":"https:\/\/www.psychologies.be\/fr\/wp-content\/uploads\/2025\/03\/psychologies-be.png","width":696,"height":696,"caption":"Psychologies Belgique"},"image":{"@id":"https:\/\/www.psychologies.be\/fr\/#\/schema\/logo\/image\/"},"sameAs":["https:\/\/www.facebook.com\/Psychologies"]},{"@type":"Person","@id":"https:\/\/www.psychologies.be\/fr\/#\/schema\/person\/d777894ee732d5873a76450a3f5ceca5","name":"Christiane Thiry","url":"https:\/\/www.psychologies.be\/fr\/author\/christiane\/"}]}},"_links":{"self":[{"href":"https:\/\/www.psychologies.be\/fr\/wp-json\/wp\/v2\/posts\/4962","targetHints":{"allow":["GET"]}}],"collection":[{"href":"https:\/\/www.psychologies.be\/fr\/wp-json\/wp\/v2\/posts"}],"about":[{"href":"https:\/\/www.psychologies.be\/fr\/wp-json\/wp\/v2\/types\/post"}],"author":[{"embeddable":true,"href":"https:\/\/www.psychologies.be\/fr\/wp-json\/wp\/v2\/users\/4"}],"replies":[{"embeddable":true,"href":"https:\/\/www.psychologies.be\/fr\/wp-json\/wp\/v2\/comments?post=4962"}],"version-history":[{"count":1,"href":"https:\/\/www.psychologies.be\/fr\/wp-json\/wp\/v2\/posts\/4962\/revisions"}],"predecessor-version":[{"id":13561,"href":"https:\/\/www.psychologies.be\/fr\/wp-json\/wp\/v2\/posts\/4962\/revisions\/13561"}],"wp:featuredmedia":[{"embeddable":true,"href":"https:\/\/www.psychologies.be\/fr\/wp-json\/wp\/v2\/media\/4963"}],"wp:attachment":[{"href":"https:\/\/www.psychologies.be\/fr\/wp-json\/wp\/v2\/media?parent=4962"}],"wp:term":[{"taxonomy":"category","embeddable":true,"href":"https:\/\/www.psychologies.be\/fr\/wp-json\/wp\/v2\/categories?post=4962"},{"taxonomy":"post_tag","embeddable":true,"href":"https:\/\/www.psychologies.be\/fr\/wp-json\/wp\/v2\/tags?post=4962"}],"curies":[{"name":"wp","href":"https:\/\/api.w.org\/{rel}","templated":true}]}}