{"id":5144,"date":"2017-11-30T18:59:02","date_gmt":"2017-11-30T17:59:02","guid":{"rendered":"http:\/\/www.psychologies.be\/com\/?p=5144"},"modified":"2025-12-15T13:54:16","modified_gmt":"2025-12-15T12:54:16","slug":"conference-de-stephane-allix-lorsque-jetais-un-autre-a-tubize-et-a-mons","status":"publish","type":"post","link":"https:\/\/www.psychologies.be\/fr\/conference-de-stephane-allix-lorsque-jetais-un-autre-a-tubize-et-a-mons\/","title":{"rendered":"Conf\u00e9rence de St\u00e9phane Allix &#8220;Lorsque j&#8217;\u00e9tais un autre&#8221; \u00e0 Tubize et \u00e0 Mons"},"content":{"rendered":"","protected":false},"excerpt":{"rendered":"Le 1er d\u00e9cembre \u00e0 20h \u00e0 Tubize et le 2 d\u00e9cembre \u00e0 Casteau,\u00a0St\u00e9phane Allix vient vous pr\u00e9senter son nouveau livre \u00e9v\u00e8nement : Lorsque J\u2019\u00e9tais quelqu\u2019un d\u2019autre.","protected":false},"author":4,"featured_media":5145,"comment_status":"open","ping_status":"closed","sticky":false,"template":"","format":"standard","meta":{"_acf_changed":false,"footnotes":""},"categories":[475],"tags":[],"class_list":["post-5144","post","type-post","status-publish","format-standard","has-post-thumbnail","hentry","category-bien-etre"],"acf":[],"_yoast_wpseo_metadesc":"Partir \u00e0 la d\u00e9couverte de soi-m\u00eame peut mener sur d\u2019\u00e9tranges chemins. Pour se ressourcer et faire le point sur sa vie.","_yoast_wpseo_title":"St\u00e9phane Allix pr\u00e9sente \"Lorsque j'\u00e9tais un autre\" \u00e0 Tubize et \u00e0 Mons","yoast_head":"<!-- This site is optimized with the Yoast SEO plugin v27.3 - https:\/\/yoast.com\/product\/yoast-seo-wordpress\/ -->\n<title>St\u00e9phane Allix pr\u00e9sente &quot;Lorsque j&#039;\u00e9tais un autre&quot; \u00e0 Tubize et \u00e0 Mons<\/title>\n<meta name=\"description\" content=\"Partir \u00e0 la d\u00e9couverte de soi-m\u00eame peut mener sur d\u2019\u00e9tranges chemins. Pour se ressourcer et faire le point sur sa vie.\" \/>\n<meta name=\"robots\" content=\"index, follow, max-snippet:-1, max-image-preview:large, max-video-preview:-1\" \/>\n<link rel=\"canonical\" href=\"https:\/\/www.psychologies.be\/fr\/conference-de-stephane-allix-lorsque-jetais-un-autre-a-tubize-et-a-mons\/\" \/>\n<meta property=\"og:locale\" content=\"fr_FR\" \/>\n<meta property=\"og:type\" content=\"article\" \/>\n<meta property=\"og:title\" content=\"St\u00e9phane Allix pr\u00e9sente &quot;Lorsque j&#039;\u00e9tais un autre&quot; \u00e0 Tubize et \u00e0 Mons\" \/>\n<meta property=\"og:description\" content=\"Partir \u00e0 la d\u00e9couverte de soi-m\u00eame peut mener sur d\u2019\u00e9tranges chemins. Pour se ressourcer et faire le point sur sa vie.\" \/>\n<meta property=\"og:url\" content=\"https:\/\/www.psychologies.be\/fr\/conference-de-stephane-allix-lorsque-jetais-un-autre-a-tubize-et-a-mons\/\" \/>\n<meta property=\"og:site_name\" content=\"Psychologies Belgique\" \/>\n<meta property=\"article:publisher\" content=\"https:\/\/www.facebook.com\/Psychologies\" \/>\n<meta property=\"article:published_time\" content=\"2017-11-30T17:59:02+00:00\" \/>\n<meta property=\"article:modified_time\" content=\"2025-12-15T12:54:16+00:00\" \/>\n<meta property=\"og:image\" content=\"https:\/\/www.psychologies.be\/fr\/wp-content\/uploads\/2017\/11\/allix-audela-word.jpg\" \/>\n\t<meta property=\"og:image:width\" content=\"689\" \/>\n\t<meta property=\"og:image:height\" content=\"247\" \/>\n\t<meta property=\"og:image:type\" content=\"image\/jpeg\" \/>\n<meta name=\"author\" content=\"Christiane Thiry\" \/>\n<meta name=\"twitter:card\" content=\"summary_large_image\" \/>\n<meta name=\"twitter:label1\" content=\"\u00c9crit par\" \/>\n\t<meta name=\"twitter:data1\" content=\"Christiane Thiry\" \/>\n\t<meta name=\"twitter:label2\" content=\"Dur\u00e9e de lecture estim\u00e9e\" \/>\n\t<meta name=\"twitter:data2\" content=\"2 minutes\" \/>\n<script type=\"application\/ld+json\" class=\"yoast-schema-graph\">{\"@context\":\"https:\\\/\\\/schema.org\",\"@graph\":[{\"@type\":\"Article\",\"@id\":\"https:\\\/\\\/www.psychologies.be\\\/fr\\\/conference-de-stephane-allix-lorsque-jetais-un-autre-a-tubize-et-a-mons\\\/#article\",\"isPartOf\":{\"@id\":\"https:\\\/\\\/www.psychologies.be\\\/fr\\\/conference-de-stephane-allix-lorsque-jetais-un-autre-a-tubize-et-a-mons\\\/\"},\"author\":{\"name\":\"Christiane Thiry\",\"@id\":\"https:\\\/\\\/www.psychologies.be\\\/fr\\\/#\\\/schema\\\/person\\\/d777894ee732d5873a76450a3f5ceca5\"},\"headline\":\"Conf\u00e9rence de St\u00e9phane Allix &#8220;Lorsque j&#8217;\u00e9tais un autre&#8221; \u00e0 Tubize et \u00e0 Mons\",\"datePublished\":\"2017-11-30T17:59:02+00:00\",\"dateModified\":\"2025-12-15T12:54:16+00:00\",\"mainEntityOfPage\":{\"@id\":\"https:\\\/\\\/www.psychologies.be\\\/fr\\\/conference-de-stephane-allix-lorsque-jetais-un-autre-a-tubize-et-a-mons\\\/\"},\"wordCount\":237,\"commentCount\":0,\"publisher\":{\"@id\":\"https:\\\/\\\/www.psychologies.be\\\/fr\\\/#organization\"},\"image\":{\"@id\":\"https:\\\/\\\/www.psychologies.be\\\/fr\\\/conference-de-stephane-allix-lorsque-jetais-un-autre-a-tubize-et-a-mons\\\/#primaryimage\"},\"thumbnailUrl\":\"https:\\\/\\\/www.psychologies.be\\\/fr\\\/wp-content\\\/uploads\\\/2017\\\/11\\\/allix-audela-word.jpg\",\"articleSection\":[\"Bien-\u00eatre\"],\"inLanguage\":\"fr-FR\",\"potentialAction\":[{\"@type\":\"CommentAction\",\"name\":\"Comment\",\"target\":[\"https:\\\/\\\/www.psychologies.be\\\/fr\\\/conference-de-stephane-allix-lorsque-jetais-un-autre-a-tubize-et-a-mons\\\/#respond\"]}]},{\"@type\":\"WebPage\",\"@id\":\"https:\\\/\\\/www.psychologies.be\\\/fr\\\/conference-de-stephane-allix-lorsque-jetais-un-autre-a-tubize-et-a-mons\\\/\",\"url\":\"https:\\\/\\\/www.psychologies.be\\\/fr\\\/conference-de-stephane-allix-lorsque-jetais-un-autre-a-tubize-et-a-mons\\\/\",\"name\":\"St\u00e9phane Allix pr\u00e9sente \\\"Lorsque j'\u00e9tais un autre\\\" \u00e0 Tubize et \u00e0 Mons\",\"isPartOf\":{\"@id\":\"https:\\\/\\\/www.psychologies.be\\\/fr\\\/#website\"},\"primaryImageOfPage\":{\"@id\":\"https:\\\/\\\/www.psychologies.be\\\/fr\\\/conference-de-stephane-allix-lorsque-jetais-un-autre-a-tubize-et-a-mons\\\/#primaryimage\"},\"image\":{\"@id\":\"https:\\\/\\\/www.psychologies.be\\\/fr\\\/conference-de-stephane-allix-lorsque-jetais-un-autre-a-tubize-et-a-mons\\\/#primaryimage\"},\"thumbnailUrl\":\"https:\\\/\\\/www.psychologies.be\\\/fr\\\/wp-content\\\/uploads\\\/2017\\\/11\\\/allix-audela-word.jpg\",\"datePublished\":\"2017-11-30T17:59:02+00:00\",\"dateModified\":\"2025-12-15T12:54:16+00:00\",\"description\":\"Partir \u00e0 la d\u00e9couverte de soi-m\u00eame peut mener sur d\u2019\u00e9tranges chemins. Pour se ressourcer et faire le point sur sa vie.\",\"breadcrumb\":{\"@id\":\"https:\\\/\\\/www.psychologies.be\\\/fr\\\/conference-de-stephane-allix-lorsque-jetais-un-autre-a-tubize-et-a-mons\\\/#breadcrumb\"},\"inLanguage\":\"fr-FR\",\"potentialAction\":[{\"@type\":\"ReadAction\",\"target\":[\"https:\\\/\\\/www.psychologies.be\\\/fr\\\/conference-de-stephane-allix-lorsque-jetais-un-autre-a-tubize-et-a-mons\\\/\"]}]},{\"@type\":\"ImageObject\",\"inLanguage\":\"fr-FR\",\"@id\":\"https:\\\/\\\/www.psychologies.be\\\/fr\\\/conference-de-stephane-allix-lorsque-jetais-un-autre-a-tubize-et-a-mons\\\/#primaryimage\",\"url\":\"https:\\\/\\\/www.psychologies.be\\\/fr\\\/wp-content\\\/uploads\\\/2017\\\/11\\\/allix-audela-word.jpg\",\"contentUrl\":\"https:\\\/\\\/www.psychologies.be\\\/fr\\\/wp-content\\\/uploads\\\/2017\\\/11\\\/allix-audela-word.jpg\",\"width\":689,\"height\":247},{\"@type\":\"BreadcrumbList\",\"@id\":\"https:\\\/\\\/www.psychologies.be\\\/fr\\\/conference-de-stephane-allix-lorsque-jetais-un-autre-a-tubize-et-a-mons\\\/#breadcrumb\",\"itemListElement\":[{\"@type\":\"ListItem\",\"position\":1,\"name\":\"Home\",\"item\":\"https:\\\/\\\/www.psychologies.be\\\/fr\\\/\"},{\"@type\":\"ListItem\",\"position\":2,\"name\":\"Bien-\u00eatre\",\"item\":\"https:\\\/\\\/www.psychologies.be\\\/fr\\\/bien-etre\\\/\"},{\"@type\":\"ListItem\",\"position\":3,\"name\":\"Conf\u00e9rence de St\u00e9phane Allix &#8220;Lorsque j&#8217;\u00e9tais un autre&#8221; \u00e0 Tubize et \u00e0 Mons\"}]},{\"@type\":\"WebSite\",\"@id\":\"https:\\\/\\\/www.psychologies.be\\\/fr\\\/#website\",\"url\":\"https:\\\/\\\/www.psychologies.be\\\/fr\\\/\",\"name\":\"Psychologies Belgique\",\"description\":\"Psychologie, mieux se conna\u00eetre pour mieux vivre sa vie\",\"publisher\":{\"@id\":\"https:\\\/\\\/www.psychologies.be\\\/fr\\\/#organization\"},\"potentialAction\":[{\"@type\":\"SearchAction\",\"target\":{\"@type\":\"EntryPoint\",\"urlTemplate\":\"https:\\\/\\\/www.psychologies.be\\\/fr\\\/?s={search_term_string}\"},\"query-input\":{\"@type\":\"PropertyValueSpecification\",\"valueRequired\":true,\"valueName\":\"search_term_string\"}}],\"inLanguage\":\"fr-FR\"},{\"@type\":\"Organization\",\"@id\":\"https:\\\/\\\/www.psychologies.be\\\/fr\\\/#organization\",\"name\":\"Psychologies Belgique\",\"url\":\"https:\\\/\\\/www.psychologies.be\\\/fr\\\/\",\"logo\":{\"@type\":\"ImageObject\",\"inLanguage\":\"fr-FR\",\"@id\":\"https:\\\/\\\/www.psychologies.be\\\/fr\\\/#\\\/schema\\\/logo\\\/image\\\/\",\"url\":\"https:\\\/\\\/www.psychologies.be\\\/fr\\\/wp-content\\\/uploads\\\/2025\\\/03\\\/psychologies-be.png\",\"contentUrl\":\"https:\\\/\\\/www.psychologies.be\\\/fr\\\/wp-content\\\/uploads\\\/2025\\\/03\\\/psychologies-be.png\",\"width\":696,\"height\":696,\"caption\":\"Psychologies Belgique\"},\"image\":{\"@id\":\"https:\\\/\\\/www.psychologies.be\\\/fr\\\/#\\\/schema\\\/logo\\\/image\\\/\"},\"sameAs\":[\"https:\\\/\\\/www.facebook.com\\\/Psychologies\"]},{\"@type\":\"Person\",\"@id\":\"https:\\\/\\\/www.psychologies.be\\\/fr\\\/#\\\/schema\\\/person\\\/d777894ee732d5873a76450a3f5ceca5\",\"name\":\"Christiane Thiry\",\"url\":\"https:\\\/\\\/www.psychologies.be\\\/fr\\\/author\\\/christiane\\\/\"}]}<\/script>\n<!-- \/ Yoast SEO plugin. -->","yoast_head_json":{"title":"St\u00e9phane Allix pr\u00e9sente \"Lorsque j'\u00e9tais un autre\" \u00e0 Tubize et \u00e0 Mons","description":"Partir \u00e0 la d\u00e9couverte de soi-m\u00eame peut mener sur d\u2019\u00e9tranges chemins. Pour se ressourcer et faire le point sur sa vie.","robots":{"index":"index","follow":"follow","max-snippet":"max-snippet:-1","max-image-preview":"max-image-preview:large","max-video-preview":"max-video-preview:-1"},"canonical":"https:\/\/www.psychologies.be\/fr\/conference-de-stephane-allix-lorsque-jetais-un-autre-a-tubize-et-a-mons\/","og_locale":"fr_FR","og_type":"article","og_title":"St\u00e9phane Allix pr\u00e9sente \"Lorsque j'\u00e9tais un autre\" \u00e0 Tubize et \u00e0 Mons","og_description":"Partir \u00e0 la d\u00e9couverte de soi-m\u00eame peut mener sur d\u2019\u00e9tranges chemins. Pour se ressourcer et faire le point sur sa vie.","og_url":"https:\/\/www.psychologies.be\/fr\/conference-de-stephane-allix-lorsque-jetais-un-autre-a-tubize-et-a-mons\/","og_site_name":"Psychologies Belgique","article_publisher":"https:\/\/www.facebook.com\/Psychologies","article_published_time":"2017-11-30T17:59:02+00:00","article_modified_time":"2025-12-15T12:54:16+00:00","og_image":[{"width":689,"height":247,"url":"https:\/\/www.psychologies.be\/fr\/wp-content\/uploads\/2017\/11\/allix-audela-word.jpg","type":"image\/jpeg"}],"author":"Christiane Thiry","twitter_card":"summary_large_image","twitter_misc":{"\u00c9crit par":"Christiane Thiry","Dur\u00e9e de lecture estim\u00e9e":"2 minutes"},"schema":{"@context":"https:\/\/schema.org","@graph":[{"@type":"Article","@id":"https:\/\/www.psychologies.be\/fr\/conference-de-stephane-allix-lorsque-jetais-un-autre-a-tubize-et-a-mons\/#article","isPartOf":{"@id":"https:\/\/www.psychologies.be\/fr\/conference-de-stephane-allix-lorsque-jetais-un-autre-a-tubize-et-a-mons\/"},"author":{"name":"Christiane Thiry","@id":"https:\/\/www.psychologies.be\/fr\/#\/schema\/person\/d777894ee732d5873a76450a3f5ceca5"},"headline":"Conf\u00e9rence de St\u00e9phane Allix &#8220;Lorsque j&#8217;\u00e9tais un autre&#8221; \u00e0 Tubize et \u00e0 Mons","datePublished":"2017-11-30T17:59:02+00:00","dateModified":"2025-12-15T12:54:16+00:00","mainEntityOfPage":{"@id":"https:\/\/www.psychologies.be\/fr\/conference-de-stephane-allix-lorsque-jetais-un-autre-a-tubize-et-a-mons\/"},"wordCount":237,"commentCount":0,"publisher":{"@id":"https:\/\/www.psychologies.be\/fr\/#organization"},"image":{"@id":"https:\/\/www.psychologies.be\/fr\/conference-de-stephane-allix-lorsque-jetais-un-autre-a-tubize-et-a-mons\/#primaryimage"},"thumbnailUrl":"https:\/\/www.psychologies.be\/fr\/wp-content\/uploads\/2017\/11\/allix-audela-word.jpg","articleSection":["Bien-\u00eatre"],"inLanguage":"fr-FR","potentialAction":[{"@type":"CommentAction","name":"Comment","target":["https:\/\/www.psychologies.be\/fr\/conference-de-stephane-allix-lorsque-jetais-un-autre-a-tubize-et-a-mons\/#respond"]}]},{"@type":"WebPage","@id":"https:\/\/www.psychologies.be\/fr\/conference-de-stephane-allix-lorsque-jetais-un-autre-a-tubize-et-a-mons\/","url":"https:\/\/www.psychologies.be\/fr\/conference-de-stephane-allix-lorsque-jetais-un-autre-a-tubize-et-a-mons\/","name":"St\u00e9phane Allix pr\u00e9sente \"Lorsque j'\u00e9tais un autre\" \u00e0 Tubize et \u00e0 Mons","isPartOf":{"@id":"https:\/\/www.psychologies.be\/fr\/#website"},"primaryImageOfPage":{"@id":"https:\/\/www.psychologies.be\/fr\/conference-de-stephane-allix-lorsque-jetais-un-autre-a-tubize-et-a-mons\/#primaryimage"},"image":{"@id":"https:\/\/www.psychologies.be\/fr\/conference-de-stephane-allix-lorsque-jetais-un-autre-a-tubize-et-a-mons\/#primaryimage"},"thumbnailUrl":"https:\/\/www.psychologies.be\/fr\/wp-content\/uploads\/2017\/11\/allix-audela-word.jpg","datePublished":"2017-11-30T17:59:02+00:00","dateModified":"2025-12-15T12:54:16+00:00","description":"Partir \u00e0 la d\u00e9couverte de soi-m\u00eame peut mener sur d\u2019\u00e9tranges chemins. Pour se ressourcer et faire le point sur sa vie.","breadcrumb":{"@id":"https:\/\/www.psychologies.be\/fr\/conference-de-stephane-allix-lorsque-jetais-un-autre-a-tubize-et-a-mons\/#breadcrumb"},"inLanguage":"fr-FR","potentialAction":[{"@type":"ReadAction","target":["https:\/\/www.psychologies.be\/fr\/conference-de-stephane-allix-lorsque-jetais-un-autre-a-tubize-et-a-mons\/"]}]},{"@type":"ImageObject","inLanguage":"fr-FR","@id":"https:\/\/www.psychologies.be\/fr\/conference-de-stephane-allix-lorsque-jetais-un-autre-a-tubize-et-a-mons\/#primaryimage","url":"https:\/\/www.psychologies.be\/fr\/wp-content\/uploads\/2017\/11\/allix-audela-word.jpg","contentUrl":"https:\/\/www.psychologies.be\/fr\/wp-content\/uploads\/2017\/11\/allix-audela-word.jpg","width":689,"height":247},{"@type":"BreadcrumbList","@id":"https:\/\/www.psychologies.be\/fr\/conference-de-stephane-allix-lorsque-jetais-un-autre-a-tubize-et-a-mons\/#breadcrumb","itemListElement":[{"@type":"ListItem","position":1,"name":"Home","item":"https:\/\/www.psychologies.be\/fr\/"},{"@type":"ListItem","position":2,"name":"Bien-\u00eatre","item":"https:\/\/www.psychologies.be\/fr\/bien-etre\/"},{"@type":"ListItem","position":3,"name":"Conf\u00e9rence de St\u00e9phane Allix &#8220;Lorsque j&#8217;\u00e9tais un autre&#8221; \u00e0 Tubize et \u00e0 Mons"}]},{"@type":"WebSite","@id":"https:\/\/www.psychologies.be\/fr\/#website","url":"https:\/\/www.psychologies.be\/fr\/","name":"Psychologies Belgique","description":"Psychologie, mieux se conna\u00eetre pour mieux vivre sa vie","publisher":{"@id":"https:\/\/www.psychologies.be\/fr\/#organization"},"potentialAction":[{"@type":"SearchAction","target":{"@type":"EntryPoint","urlTemplate":"https:\/\/www.psychologies.be\/fr\/?s={search_term_string}"},"query-input":{"@type":"PropertyValueSpecification","valueRequired":true,"valueName":"search_term_string"}}],"inLanguage":"fr-FR"},{"@type":"Organization","@id":"https:\/\/www.psychologies.be\/fr\/#organization","name":"Psychologies Belgique","url":"https:\/\/www.psychologies.be\/fr\/","logo":{"@type":"ImageObject","inLanguage":"fr-FR","@id":"https:\/\/www.psychologies.be\/fr\/#\/schema\/logo\/image\/","url":"https:\/\/www.psychologies.be\/fr\/wp-content\/uploads\/2025\/03\/psychologies-be.png","contentUrl":"https:\/\/www.psychologies.be\/fr\/wp-content\/uploads\/2025\/03\/psychologies-be.png","width":696,"height":696,"caption":"Psychologies Belgique"},"image":{"@id":"https:\/\/www.psychologies.be\/fr\/#\/schema\/logo\/image\/"},"sameAs":["https:\/\/www.facebook.com\/Psychologies"]},{"@type":"Person","@id":"https:\/\/www.psychologies.be\/fr\/#\/schema\/person\/d777894ee732d5873a76450a3f5ceca5","name":"Christiane Thiry","url":"https:\/\/www.psychologies.be\/fr\/author\/christiane\/"}]}},"_links":{"self":[{"href":"https:\/\/www.psychologies.be\/fr\/wp-json\/wp\/v2\/posts\/5144","targetHints":{"allow":["GET"]}}],"collection":[{"href":"https:\/\/www.psychologies.be\/fr\/wp-json\/wp\/v2\/posts"}],"about":[{"href":"https:\/\/www.psychologies.be\/fr\/wp-json\/wp\/v2\/types\/post"}],"author":[{"embeddable":true,"href":"https:\/\/www.psychologies.be\/fr\/wp-json\/wp\/v2\/users\/4"}],"replies":[{"embeddable":true,"href":"https:\/\/www.psychologies.be\/fr\/wp-json\/wp\/v2\/comments?post=5144"}],"version-history":[{"count":1,"href":"https:\/\/www.psychologies.be\/fr\/wp-json\/wp\/v2\/posts\/5144\/revisions"}],"predecessor-version":[{"id":13538,"href":"https:\/\/www.psychologies.be\/fr\/wp-json\/wp\/v2\/posts\/5144\/revisions\/13538"}],"wp:featuredmedia":[{"embeddable":true,"href":"https:\/\/www.psychologies.be\/fr\/wp-json\/wp\/v2\/media\/5145"}],"wp:attachment":[{"href":"https:\/\/www.psychologies.be\/fr\/wp-json\/wp\/v2\/media?parent=5144"}],"wp:term":[{"taxonomy":"category","embeddable":true,"href":"https:\/\/www.psychologies.be\/fr\/wp-json\/wp\/v2\/categories?post=5144"},{"taxonomy":"post_tag","embeddable":true,"href":"https:\/\/www.psychologies.be\/fr\/wp-json\/wp\/v2\/tags?post=5144"}],"curies":[{"name":"wp","href":"https:\/\/api.w.org\/{rel}","templated":true}]}}