{"id":686,"date":"2015-10-21T15:15:16","date_gmt":"2015-10-21T13:15:16","guid":{"rendered":"http:\/\/www.psychologies.be\/com\/?p=686"},"modified":"2025-12-16T17:08:02","modified_gmt":"2025-12-16T16:08:02","slug":"itineraire-de-sens-par-la-signature-du-9-au-13-fevrier-2016-a-marrakech","status":"publish","type":"post","link":"https:\/\/www.psychologies.be\/fr\/itineraire-de-sens-par-la-signature-du-9-au-13-fevrier-2016-a-marrakech\/","title":{"rendered":"Derni\u00e8res places ! Itin\u00e9raire de sens par la signature du 9 au 13 f\u00e9vrier \u00e0 Marrakech"},"content":{"rendered":"","protected":false},"excerpt":{"rendered":"Au travers d\u2019ateliers d\u2019\u00e9criture, d\u2019\u00e9changes, de surprises, de balades dans la m\u00e9dina et de gourmandises, vous aurez l\u2019occasion d\u2019ancrer ce qui a construit la richesse de vos pas, votre vie unique\u00a0!\u00a0Une signature \u00e0 imprimer, \u00e0 tracer, \u00e0 transmettre, \u00e0 partager ou \u00e0 offrir, \u00e0 vous, \u00e0 vos proches, au monde\u2026\u00a0\u00a0\u00a0\u00a0\u00a0Prenez un temps de recul pour revisiter votre histoire et laissez-vous emmener sur votre route, celle qui vous porte vers la coh\u00e9rence, l\u2019alignement, le plaisir\u2026\nAnne-France W\u00e9ry et B\u00e9n\u00e9dicte Etienne, coachs passionn\u00e9es de l\u2019Humain et enthousiasm\u00e9es par l\u2019\u00e9nergie du lien, sont heureuses de vous accueillir en un lieu de ressourcement, v\u00e9ritable havre de paix au c\u0153ur de la m\u00e9dina de Marrakech, pour vivre ce programme.","protected":false},"author":4,"featured_media":687,"comment_status":"open","ping_status":"closed","sticky":false,"template":"","format":"standard","meta":{"_acf_changed":false,"footnotes":""},"categories":[475],"tags":[],"class_list":["post-686","post","type-post","status-publish","format-standard","has-post-thumbnail","hentry","category-bien-etre"],"acf":[],"_yoast_wpseo_metadesc":null,"_yoast_wpseo_title":null,"yoast_head":"<!-- This site is optimized with the Yoast SEO plugin v27.3 - https:\/\/yoast.com\/product\/yoast-seo-wordpress\/ -->\n<title>Derni\u00e8res places ! Itin\u00e9raire de sens par la signature du 9 au 13 f\u00e9vrier \u00e0 Marrakech | Psychologies Belgique<\/title>\n<meta name=\"robots\" content=\"index, follow, max-snippet:-1, max-image-preview:large, max-video-preview:-1\" \/>\n<link rel=\"canonical\" href=\"https:\/\/www.psychologies.be\/fr\/itineraire-de-sens-par-la-signature-du-9-au-13-fevrier-2016-a-marrakech\/\" \/>\n<meta property=\"og:locale\" content=\"fr_FR\" \/>\n<meta property=\"og:type\" content=\"article\" \/>\n<meta property=\"og:title\" content=\"Derni\u00e8res places ! Itin\u00e9raire de sens par la signature du 9 au 13 f\u00e9vrier \u00e0 Marrakech | Psychologies Belgique\" \/>\n<meta property=\"og:description\" content=\"Au travers d\u2019ateliers d\u2019\u00e9criture, d\u2019\u00e9changes, de surprises, de balades dans la m\u00e9dina et de gourmandises, vous aurez l\u2019occasion d\u2019ancrer ce qui a construit la richesse de vos pas, votre vie unique\u00a0!\u00a0Une signature \u00e0 imprimer, \u00e0 tracer, \u00e0 transmettre, \u00e0 partager ou \u00e0 offrir, \u00e0 vous, \u00e0 vos proches, au monde\u2026\u00a0\u00a0\u00a0\u00a0\u00a0Prenez un temps de recul pour revisiter votre histoire et laissez-vous emmener sur votre route, celle qui vous porte vers la coh\u00e9rence, l\u2019alignement, le plaisir\u2026  Anne-France W\u00e9ry et B\u00e9n\u00e9dicte Etienne, coachs passionn\u00e9es de l\u2019Humain et enthousiasm\u00e9es par l\u2019\u00e9nergie du lien, sont heureuses de vous accueillir en un lieu de ressourcement, v\u00e9ritable havre de paix au c\u0153ur de la m\u00e9dina de Marrakech, pour vivre ce programme.\" \/>\n<meta property=\"og:url\" content=\"https:\/\/www.psychologies.be\/fr\/itineraire-de-sens-par-la-signature-du-9-au-13-fevrier-2016-a-marrakech\/\" \/>\n<meta property=\"og:site_name\" content=\"Psychologies Belgique\" \/>\n<meta property=\"article:publisher\" content=\"https:\/\/www.facebook.com\/Psychologies\" \/>\n<meta property=\"article:published_time\" content=\"2015-10-21T13:15:16+00:00\" \/>\n<meta property=\"article:modified_time\" content=\"2025-12-16T16:08:02+00:00\" \/>\n<meta property=\"og:image\" content=\"https:\/\/www.psychologies.be\/fr\/wp-content\/uploads\/2015\/10\/signature-def.jpg\" \/>\n\t<meta property=\"og:image:width\" content=\"612\" \/>\n\t<meta property=\"og:image:height\" content=\"269\" \/>\n\t<meta property=\"og:image:type\" content=\"image\/jpeg\" \/>\n<meta name=\"author\" content=\"Christiane Thiry\" \/>\n<meta name=\"twitter:card\" content=\"summary_large_image\" \/>\n<meta name=\"twitter:label1\" content=\"\u00c9crit par\" \/>\n\t<meta name=\"twitter:data1\" content=\"Christiane Thiry\" \/>\n\t<meta name=\"twitter:label2\" content=\"Dur\u00e9e de lecture estim\u00e9e\" \/>\n\t<meta name=\"twitter:data2\" content=\"4 minutes\" \/>\n<script type=\"application\/ld+json\" class=\"yoast-schema-graph\">{\"@context\":\"https:\\\/\\\/schema.org\",\"@graph\":[{\"@type\":\"Article\",\"@id\":\"https:\\\/\\\/www.psychologies.be\\\/fr\\\/itineraire-de-sens-par-la-signature-du-9-au-13-fevrier-2016-a-marrakech\\\/#article\",\"isPartOf\":{\"@id\":\"https:\\\/\\\/www.psychologies.be\\\/fr\\\/itineraire-de-sens-par-la-signature-du-9-au-13-fevrier-2016-a-marrakech\\\/\"},\"author\":{\"name\":\"Christiane Thiry\",\"@id\":\"https:\\\/\\\/www.psychologies.be\\\/fr\\\/#\\\/schema\\\/person\\\/d777894ee732d5873a76450a3f5ceca5\"},\"headline\":\"Derni\u00e8res places ! Itin\u00e9raire de sens par la signature du 9 au 13 f\u00e9vrier \u00e0 Marrakech\",\"datePublished\":\"2015-10-21T13:15:16+00:00\",\"dateModified\":\"2025-12-16T16:08:02+00:00\",\"mainEntityOfPage\":{\"@id\":\"https:\\\/\\\/www.psychologies.be\\\/fr\\\/itineraire-de-sens-par-la-signature-du-9-au-13-fevrier-2016-a-marrakech\\\/\"},\"wordCount\":666,\"commentCount\":0,\"publisher\":{\"@id\":\"https:\\\/\\\/www.psychologies.be\\\/fr\\\/#organization\"},\"image\":{\"@id\":\"https:\\\/\\\/www.psychologies.be\\\/fr\\\/itineraire-de-sens-par-la-signature-du-9-au-13-fevrier-2016-a-marrakech\\\/#primaryimage\"},\"thumbnailUrl\":\"https:\\\/\\\/www.psychologies.be\\\/fr\\\/wp-content\\\/uploads\\\/2015\\\/10\\\/signature-def.jpg\",\"articleSection\":[\"Bien-\u00eatre\"],\"inLanguage\":\"fr-FR\",\"potentialAction\":[{\"@type\":\"CommentAction\",\"name\":\"Comment\",\"target\":[\"https:\\\/\\\/www.psychologies.be\\\/fr\\\/itineraire-de-sens-par-la-signature-du-9-au-13-fevrier-2016-a-marrakech\\\/#respond\"]}]},{\"@type\":\"WebPage\",\"@id\":\"https:\\\/\\\/www.psychologies.be\\\/fr\\\/itineraire-de-sens-par-la-signature-du-9-au-13-fevrier-2016-a-marrakech\\\/\",\"url\":\"https:\\\/\\\/www.psychologies.be\\\/fr\\\/itineraire-de-sens-par-la-signature-du-9-au-13-fevrier-2016-a-marrakech\\\/\",\"name\":\"Derni\u00e8res places ! Itin\u00e9raire de sens par la signature du 9 au 13 f\u00e9vrier \u00e0 Marrakech | Psychologies Belgique\",\"isPartOf\":{\"@id\":\"https:\\\/\\\/www.psychologies.be\\\/fr\\\/#website\"},\"primaryImageOfPage\":{\"@id\":\"https:\\\/\\\/www.psychologies.be\\\/fr\\\/itineraire-de-sens-par-la-signature-du-9-au-13-fevrier-2016-a-marrakech\\\/#primaryimage\"},\"image\":{\"@id\":\"https:\\\/\\\/www.psychologies.be\\\/fr\\\/itineraire-de-sens-par-la-signature-du-9-au-13-fevrier-2016-a-marrakech\\\/#primaryimage\"},\"thumbnailUrl\":\"https:\\\/\\\/www.psychologies.be\\\/fr\\\/wp-content\\\/uploads\\\/2015\\\/10\\\/signature-def.jpg\",\"datePublished\":\"2015-10-21T13:15:16+00:00\",\"dateModified\":\"2025-12-16T16:08:02+00:00\",\"breadcrumb\":{\"@id\":\"https:\\\/\\\/www.psychologies.be\\\/fr\\\/itineraire-de-sens-par-la-signature-du-9-au-13-fevrier-2016-a-marrakech\\\/#breadcrumb\"},\"inLanguage\":\"fr-FR\",\"potentialAction\":[{\"@type\":\"ReadAction\",\"target\":[\"https:\\\/\\\/www.psychologies.be\\\/fr\\\/itineraire-de-sens-par-la-signature-du-9-au-13-fevrier-2016-a-marrakech\\\/\"]}]},{\"@type\":\"ImageObject\",\"inLanguage\":\"fr-FR\",\"@id\":\"https:\\\/\\\/www.psychologies.be\\\/fr\\\/itineraire-de-sens-par-la-signature-du-9-au-13-fevrier-2016-a-marrakech\\\/#primaryimage\",\"url\":\"https:\\\/\\\/www.psychologies.be\\\/fr\\\/wp-content\\\/uploads\\\/2015\\\/10\\\/signature-def.jpg\",\"contentUrl\":\"https:\\\/\\\/www.psychologies.be\\\/fr\\\/wp-content\\\/uploads\\\/2015\\\/10\\\/signature-def.jpg\",\"width\":612,\"height\":269},{\"@type\":\"BreadcrumbList\",\"@id\":\"https:\\\/\\\/www.psychologies.be\\\/fr\\\/itineraire-de-sens-par-la-signature-du-9-au-13-fevrier-2016-a-marrakech\\\/#breadcrumb\",\"itemListElement\":[{\"@type\":\"ListItem\",\"position\":1,\"name\":\"Home\",\"item\":\"https:\\\/\\\/www.psychologies.be\\\/fr\\\/\"},{\"@type\":\"ListItem\",\"position\":2,\"name\":\"Bien-\u00eatre\",\"item\":\"https:\\\/\\\/www.psychologies.be\\\/fr\\\/bien-etre\\\/\"},{\"@type\":\"ListItem\",\"position\":3,\"name\":\"Derni\u00e8res places ! Itin\u00e9raire de sens par la signature du 9 au 13 f\u00e9vrier \u00e0 Marrakech\"}]},{\"@type\":\"WebSite\",\"@id\":\"https:\\\/\\\/www.psychologies.be\\\/fr\\\/#website\",\"url\":\"https:\\\/\\\/www.psychologies.be\\\/fr\\\/\",\"name\":\"Psychologies Belgique\",\"description\":\"Psychologie, mieux se conna\u00eetre pour mieux vivre sa vie\",\"publisher\":{\"@id\":\"https:\\\/\\\/www.psychologies.be\\\/fr\\\/#organization\"},\"potentialAction\":[{\"@type\":\"SearchAction\",\"target\":{\"@type\":\"EntryPoint\",\"urlTemplate\":\"https:\\\/\\\/www.psychologies.be\\\/fr\\\/?s={search_term_string}\"},\"query-input\":{\"@type\":\"PropertyValueSpecification\",\"valueRequired\":true,\"valueName\":\"search_term_string\"}}],\"inLanguage\":\"fr-FR\"},{\"@type\":\"Organization\",\"@id\":\"https:\\\/\\\/www.psychologies.be\\\/fr\\\/#organization\",\"name\":\"Psychologies Belgique\",\"url\":\"https:\\\/\\\/www.psychologies.be\\\/fr\\\/\",\"logo\":{\"@type\":\"ImageObject\",\"inLanguage\":\"fr-FR\",\"@id\":\"https:\\\/\\\/www.psychologies.be\\\/fr\\\/#\\\/schema\\\/logo\\\/image\\\/\",\"url\":\"https:\\\/\\\/www.psychologies.be\\\/fr\\\/wp-content\\\/uploads\\\/2025\\\/03\\\/psychologies-be.png\",\"contentUrl\":\"https:\\\/\\\/www.psychologies.be\\\/fr\\\/wp-content\\\/uploads\\\/2025\\\/03\\\/psychologies-be.png\",\"width\":696,\"height\":696,\"caption\":\"Psychologies Belgique\"},\"image\":{\"@id\":\"https:\\\/\\\/www.psychologies.be\\\/fr\\\/#\\\/schema\\\/logo\\\/image\\\/\"},\"sameAs\":[\"https:\\\/\\\/www.facebook.com\\\/Psychologies\"]},{\"@type\":\"Person\",\"@id\":\"https:\\\/\\\/www.psychologies.be\\\/fr\\\/#\\\/schema\\\/person\\\/d777894ee732d5873a76450a3f5ceca5\",\"name\":\"Christiane Thiry\",\"url\":\"https:\\\/\\\/www.psychologies.be\\\/fr\\\/author\\\/christiane\\\/\"}]}<\/script>\n<!-- \/ Yoast SEO plugin. -->","yoast_head_json":{"title":"Derni\u00e8res places ! Itin\u00e9raire de sens par la signature du 9 au 13 f\u00e9vrier \u00e0 Marrakech | Psychologies Belgique","robots":{"index":"index","follow":"follow","max-snippet":"max-snippet:-1","max-image-preview":"max-image-preview:large","max-video-preview":"max-video-preview:-1"},"canonical":"https:\/\/www.psychologies.be\/fr\/itineraire-de-sens-par-la-signature-du-9-au-13-fevrier-2016-a-marrakech\/","og_locale":"fr_FR","og_type":"article","og_title":"Derni\u00e8res places ! Itin\u00e9raire de sens par la signature du 9 au 13 f\u00e9vrier \u00e0 Marrakech | Psychologies Belgique","og_description":"Au travers d\u2019ateliers d\u2019\u00e9criture, d\u2019\u00e9changes, de surprises, de balades dans la m\u00e9dina et de gourmandises, vous aurez l\u2019occasion d\u2019ancrer ce qui a construit la richesse de vos pas, votre vie unique\u00a0!\u00a0Une signature \u00e0 imprimer, \u00e0 tracer, \u00e0 transmettre, \u00e0 partager ou \u00e0 offrir, \u00e0 vous, \u00e0 vos proches, au monde\u2026\u00a0\u00a0\u00a0\u00a0\u00a0Prenez un temps de recul pour revisiter votre histoire et laissez-vous emmener sur votre route, celle qui vous porte vers la coh\u00e9rence, l\u2019alignement, le plaisir\u2026  Anne-France W\u00e9ry et B\u00e9n\u00e9dicte Etienne, coachs passionn\u00e9es de l\u2019Humain et enthousiasm\u00e9es par l\u2019\u00e9nergie du lien, sont heureuses de vous accueillir en un lieu de ressourcement, v\u00e9ritable havre de paix au c\u0153ur de la m\u00e9dina de Marrakech, pour vivre ce programme.","og_url":"https:\/\/www.psychologies.be\/fr\/itineraire-de-sens-par-la-signature-du-9-au-13-fevrier-2016-a-marrakech\/","og_site_name":"Psychologies Belgique","article_publisher":"https:\/\/www.facebook.com\/Psychologies","article_published_time":"2015-10-21T13:15:16+00:00","article_modified_time":"2025-12-16T16:08:02+00:00","og_image":[{"width":612,"height":269,"url":"https:\/\/www.psychologies.be\/fr\/wp-content\/uploads\/2015\/10\/signature-def.jpg","type":"image\/jpeg"}],"author":"Christiane Thiry","twitter_card":"summary_large_image","twitter_misc":{"\u00c9crit par":"Christiane Thiry","Dur\u00e9e de lecture estim\u00e9e":"4 minutes"},"schema":{"@context":"https:\/\/schema.org","@graph":[{"@type":"Article","@id":"https:\/\/www.psychologies.be\/fr\/itineraire-de-sens-par-la-signature-du-9-au-13-fevrier-2016-a-marrakech\/#article","isPartOf":{"@id":"https:\/\/www.psychologies.be\/fr\/itineraire-de-sens-par-la-signature-du-9-au-13-fevrier-2016-a-marrakech\/"},"author":{"name":"Christiane Thiry","@id":"https:\/\/www.psychologies.be\/fr\/#\/schema\/person\/d777894ee732d5873a76450a3f5ceca5"},"headline":"Derni\u00e8res places ! Itin\u00e9raire de sens par la signature du 9 au 13 f\u00e9vrier \u00e0 Marrakech","datePublished":"2015-10-21T13:15:16+00:00","dateModified":"2025-12-16T16:08:02+00:00","mainEntityOfPage":{"@id":"https:\/\/www.psychologies.be\/fr\/itineraire-de-sens-par-la-signature-du-9-au-13-fevrier-2016-a-marrakech\/"},"wordCount":666,"commentCount":0,"publisher":{"@id":"https:\/\/www.psychologies.be\/fr\/#organization"},"image":{"@id":"https:\/\/www.psychologies.be\/fr\/itineraire-de-sens-par-la-signature-du-9-au-13-fevrier-2016-a-marrakech\/#primaryimage"},"thumbnailUrl":"https:\/\/www.psychologies.be\/fr\/wp-content\/uploads\/2015\/10\/signature-def.jpg","articleSection":["Bien-\u00eatre"],"inLanguage":"fr-FR","potentialAction":[{"@type":"CommentAction","name":"Comment","target":["https:\/\/www.psychologies.be\/fr\/itineraire-de-sens-par-la-signature-du-9-au-13-fevrier-2016-a-marrakech\/#respond"]}]},{"@type":"WebPage","@id":"https:\/\/www.psychologies.be\/fr\/itineraire-de-sens-par-la-signature-du-9-au-13-fevrier-2016-a-marrakech\/","url":"https:\/\/www.psychologies.be\/fr\/itineraire-de-sens-par-la-signature-du-9-au-13-fevrier-2016-a-marrakech\/","name":"Derni\u00e8res places ! Itin\u00e9raire de sens par la signature du 9 au 13 f\u00e9vrier \u00e0 Marrakech | Psychologies Belgique","isPartOf":{"@id":"https:\/\/www.psychologies.be\/fr\/#website"},"primaryImageOfPage":{"@id":"https:\/\/www.psychologies.be\/fr\/itineraire-de-sens-par-la-signature-du-9-au-13-fevrier-2016-a-marrakech\/#primaryimage"},"image":{"@id":"https:\/\/www.psychologies.be\/fr\/itineraire-de-sens-par-la-signature-du-9-au-13-fevrier-2016-a-marrakech\/#primaryimage"},"thumbnailUrl":"https:\/\/www.psychologies.be\/fr\/wp-content\/uploads\/2015\/10\/signature-def.jpg","datePublished":"2015-10-21T13:15:16+00:00","dateModified":"2025-12-16T16:08:02+00:00","breadcrumb":{"@id":"https:\/\/www.psychologies.be\/fr\/itineraire-de-sens-par-la-signature-du-9-au-13-fevrier-2016-a-marrakech\/#breadcrumb"},"inLanguage":"fr-FR","potentialAction":[{"@type":"ReadAction","target":["https:\/\/www.psychologies.be\/fr\/itineraire-de-sens-par-la-signature-du-9-au-13-fevrier-2016-a-marrakech\/"]}]},{"@type":"ImageObject","inLanguage":"fr-FR","@id":"https:\/\/www.psychologies.be\/fr\/itineraire-de-sens-par-la-signature-du-9-au-13-fevrier-2016-a-marrakech\/#primaryimage","url":"https:\/\/www.psychologies.be\/fr\/wp-content\/uploads\/2015\/10\/signature-def.jpg","contentUrl":"https:\/\/www.psychologies.be\/fr\/wp-content\/uploads\/2015\/10\/signature-def.jpg","width":612,"height":269},{"@type":"BreadcrumbList","@id":"https:\/\/www.psychologies.be\/fr\/itineraire-de-sens-par-la-signature-du-9-au-13-fevrier-2016-a-marrakech\/#breadcrumb","itemListElement":[{"@type":"ListItem","position":1,"name":"Home","item":"https:\/\/www.psychologies.be\/fr\/"},{"@type":"ListItem","position":2,"name":"Bien-\u00eatre","item":"https:\/\/www.psychologies.be\/fr\/bien-etre\/"},{"@type":"ListItem","position":3,"name":"Derni\u00e8res places ! Itin\u00e9raire de sens par la signature du 9 au 13 f\u00e9vrier \u00e0 Marrakech"}]},{"@type":"WebSite","@id":"https:\/\/www.psychologies.be\/fr\/#website","url":"https:\/\/www.psychologies.be\/fr\/","name":"Psychologies Belgique","description":"Psychologie, mieux se conna\u00eetre pour mieux vivre sa vie","publisher":{"@id":"https:\/\/www.psychologies.be\/fr\/#organization"},"potentialAction":[{"@type":"SearchAction","target":{"@type":"EntryPoint","urlTemplate":"https:\/\/www.psychologies.be\/fr\/?s={search_term_string}"},"query-input":{"@type":"PropertyValueSpecification","valueRequired":true,"valueName":"search_term_string"}}],"inLanguage":"fr-FR"},{"@type":"Organization","@id":"https:\/\/www.psychologies.be\/fr\/#organization","name":"Psychologies Belgique","url":"https:\/\/www.psychologies.be\/fr\/","logo":{"@type":"ImageObject","inLanguage":"fr-FR","@id":"https:\/\/www.psychologies.be\/fr\/#\/schema\/logo\/image\/","url":"https:\/\/www.psychologies.be\/fr\/wp-content\/uploads\/2025\/03\/psychologies-be.png","contentUrl":"https:\/\/www.psychologies.be\/fr\/wp-content\/uploads\/2025\/03\/psychologies-be.png","width":696,"height":696,"caption":"Psychologies Belgique"},"image":{"@id":"https:\/\/www.psychologies.be\/fr\/#\/schema\/logo\/image\/"},"sameAs":["https:\/\/www.facebook.com\/Psychologies"]},{"@type":"Person","@id":"https:\/\/www.psychologies.be\/fr\/#\/schema\/person\/d777894ee732d5873a76450a3f5ceca5","name":"Christiane Thiry","url":"https:\/\/www.psychologies.be\/fr\/author\/christiane\/"}]}},"_links":{"self":[{"href":"https:\/\/www.psychologies.be\/fr\/wp-json\/wp\/v2\/posts\/686","targetHints":{"allow":["GET"]}}],"collection":[{"href":"https:\/\/www.psychologies.be\/fr\/wp-json\/wp\/v2\/posts"}],"about":[{"href":"https:\/\/www.psychologies.be\/fr\/wp-json\/wp\/v2\/types\/post"}],"author":[{"embeddable":true,"href":"https:\/\/www.psychologies.be\/fr\/wp-json\/wp\/v2\/users\/4"}],"replies":[{"embeddable":true,"href":"https:\/\/www.psychologies.be\/fr\/wp-json\/wp\/v2\/comments?post=686"}],"version-history":[{"count":1,"href":"https:\/\/www.psychologies.be\/fr\/wp-json\/wp\/v2\/posts\/686\/revisions"}],"predecessor-version":[{"id":13988,"href":"https:\/\/www.psychologies.be\/fr\/wp-json\/wp\/v2\/posts\/686\/revisions\/13988"}],"wp:featuredmedia":[{"embeddable":true,"href":"https:\/\/www.psychologies.be\/fr\/wp-json\/wp\/v2\/media\/687"}],"wp:attachment":[{"href":"https:\/\/www.psychologies.be\/fr\/wp-json\/wp\/v2\/media?parent=686"}],"wp:term":[{"taxonomy":"category","embeddable":true,"href":"https:\/\/www.psychologies.be\/fr\/wp-json\/wp\/v2\/categories?post=686"},{"taxonomy":"post_tag","embeddable":true,"href":"https:\/\/www.psychologies.be\/fr\/wp-json\/wp\/v2\/tags?post=686"}],"curies":[{"name":"wp","href":"https:\/\/api.w.org\/{rel}","templated":true}]}}